{"id":172724,"date":"2022-07-21T05:37:49","date_gmt":"2022-07-21T09:37:49","guid":{"rendered":"https:\/\/mspontocom.com.br\/site\/?p=172724"},"modified":"2022-07-21T07:43:24","modified_gmt":"2022-07-21T11:43:24","slug":"nasa-anuncia-missao-de-retorno-a-lua-a-partir-de-29-de-agosto","status":"publish","type":"post","link":"https:\/\/mspontocom.com.br\/site\/nasa-anuncia-missao-de-retorno-a-lua-a-partir-de-29-de-agosto\/","title":{"rendered":"Nasa anuncia miss\u00e3o de retorno \u00e0 Lua a partir de 29 de agosto"},"content":{"rendered":"<p style=\"text-align: justify;\"><img loading=\"lazy\" class=\"alignnone size-medium wp-image-172738\" src=\"https:\/\/mspontocom.com.br\/site\/wp-content\/uploads\/2022\/07\/site-nasa-anuncia-missao-de-retorno-a-lua-a-partir-de-29-de-agosto-foguete-lua-2-260x143.jpg\" alt=\"\" width=\"260\" height=\"143\" srcset=\"https:\/\/mspontocom.com.br\/site\/wp-content\/uploads\/2022\/07\/site-nasa-anuncia-missao-de-retorno-a-lua-a-partir-de-29-de-agosto-foguete-lua-2-260x143.jpg 260w, https:\/\/mspontocom.com.br\/site\/wp-content\/uploads\/2022\/07\/site-nasa-anuncia-missao-de-retorno-a-lua-a-partir-de-29-de-agosto-foguete-lua-2-768x422.jpg 768w, https:\/\/mspontocom.com.br\/site\/wp-content\/uploads\/2022\/07\/site-nasa-anuncia-missao-de-retorno-a-lua-a-partir-de-29-de-agosto-foguete-lua-2.jpg 1000w\" sizes=\"(max-width: 260px) 100vw, 260px\" \/><\/p>\n<p style=\"text-align: justify;\">A ag\u00eancia espacial dos Estados Unidos <strong>(Nasa) a<\/strong>nunciou, nesta quarta-feira, 20, que a Artemis 1, primeira miss\u00e3o n\u00e3o tripulada do programa americano de retorno \u00e0<strong> Lua<\/strong>, vai decolar a partir de <strong>29 de agosto. <\/strong><\/p>\n<p style=\"text-align: justify;\">Esse ser\u00e1 o primeiro voo de uma s\u00e9rie de outras miss\u00f5es com quais os Estados Unidos pretendem voltar \u00e0 Lua com uma tripula\u00e7\u00e3o humana.<\/p>\n<p style=\"text-align: justify;\">O objetivo \u00e9 coletar dados e manter presen\u00e7a no local para planejar uma viagem ao planeta<strong> Marte. <\/strong><\/p>\n<p style=\"text-align: justify;\">O trajeto a ser explorado pela Artemis 1 ser\u00e1 a face oculta da Lua.<\/p>\n","protected":false},"excerpt":{"rendered":"<p>A ag\u00eancia espacial dos Estados Unidos (Nasa) anunciou, nesta quarta-feira, 20, que a Artemis 1, primeira miss\u00e3o n\u00e3o tripulada do programa americano de retorno \u00e0 Lua, vai decolar a partir de 29 de agosto. Esse ser\u00e1 o primeiro voo de uma s\u00e9rie de outras miss\u00f5es com quais os Estados Unidos pretendem voltar \u00e0 Lua com [&hellip;]<\/p>\n","protected":false},"author":2,"featured_media":172738,"comment_status":"open","ping_status":"open","sticky":false,"template":"","format":"standard","meta":{"_monsterinsights_skip_tracking":false,"_monsterinsights_sitenote_active":false,"_monsterinsights_sitenote_note":"","_monsterinsights_sitenote_category":0},"categories":[7752],"tags":[38214,4911,6398,21760,1373,3638],"aioseo_notices":[],"_links":{"self":[{"href":"https:\/\/mspontocom.com.br\/site\/wp-json\/wp\/v2\/posts\/172724"}],"collection":[{"href":"https:\/\/mspontocom.com.br\/site\/wp-json\/wp\/v2\/posts"}],"about":[{"href":"https:\/\/mspontocom.com.br\/site\/wp-json\/wp\/v2\/types\/post"}],"author":[{"embeddable":true,"href":"https:\/\/mspontocom.com.br\/site\/wp-json\/wp\/v2\/users\/2"}],"replies":[{"embeddable":true,"href":"https:\/\/mspontocom.com.br\/site\/wp-json\/wp\/v2\/comments?post=172724"}],"version-history":[{"count":2,"href":"https:\/\/mspontocom.com.br\/site\/wp-json\/wp\/v2\/posts\/172724\/revisions"}],"predecessor-version":[{"id":172739,"href":"https:\/\/mspontocom.com.br\/site\/wp-json\/wp\/v2\/posts\/172724\/revisions\/172739"}],"wp:featuredmedia":[{"embeddable":true,"href":"https:\/\/mspontocom.com.br\/site\/wp-json\/wp\/v2\/media\/172738"}],"wp:attachment":[{"href":"https:\/\/mspontocom.com.br\/site\/wp-json\/wp\/v2\/media?parent=172724"}],"wp:term":[{"taxonomy":"category","embeddable":true,"href":"https:\/\/mspontocom.com.br\/site\/wp-json\/wp\/v2\/categories?post=172724"},{"taxonomy":"post_tag","embeddable":true,"href":"https:\/\/mspontocom.com.br\/site\/wp-json\/wp\/v2\/tags?post=172724"}],"curies":[{"name":"wp","href":"https:\/\/api.w.org\/{rel}","templated":true}]}}