{"id":172749,"date":"2022-07-22T15:33:56","date_gmt":"2022-07-22T19:33:56","guid":{"rendered":"https:\/\/mspontocom.com.br\/site\/?p=172749"},"modified":"2022-07-22T15:20:11","modified_gmt":"2022-07-22T19:20:11","slug":"exercito-rebate-globo-e-diz-que-e-fake-news-insatisfacao-com-bolsonaro","status":"publish","type":"post","link":"https:\/\/mspontocom.com.br\/site\/exercito-rebate-globo-e-diz-que-e-fake-news-insatisfacao-com-bolsonaro\/","title":{"rendered":"Ex\u00e9rcito rebate Globo e diz que \u00e9 fake news insatisfa\u00e7\u00e3o com Bolsonaro"},"content":{"rendered":"<p style=\"text-align: justify;\"><img loading=\"lazy\" class=\"alignnone size-medium wp-image-172763\" src=\"https:\/\/mspontocom.com.br\/site\/wp-content\/uploads\/2022\/07\/site-exercito-rebate-globo-e-diz-que-e-fake-news-insatisfacao-com-ministro-da-defesa-e-bolsonaro-bolsonaro-globo-e1658486737339-260x149.jpeg\" alt=\"\" width=\"260\" height=\"149\" srcset=\"https:\/\/mspontocom.com.br\/site\/wp-content\/uploads\/2022\/07\/site-exercito-rebate-globo-e-diz-que-e-fake-news-insatisfacao-com-ministro-da-defesa-e-bolsonaro-bolsonaro-globo-e1658486737339-260x149.jpeg 260w, https:\/\/mspontocom.com.br\/site\/wp-content\/uploads\/2022\/07\/site-exercito-rebate-globo-e-diz-que-e-fake-news-insatisfacao-com-ministro-da-defesa-e-bolsonaro-bolsonaro-globo-e1658486737339.jpeg 594w\" sizes=\"(max-width: 260px) 100vw, 260px\" \/><\/p>\n<p style=\"text-align: justify;\">O <strong>Ex\u00e9rcito brasileiro<\/strong> divulgou nota\u00a0nesta quinta-feira, 21, para rebater e classificar como\u00a0<strong><em>fake news<\/em>\u00a0<\/strong>uma reportagem publicada pelo portal\u00a0<em>G1 , da<strong> Rede Globo.<\/strong><\/em><\/p>\n<p style=\"text-align: justify;\">Na reportagem, o jornalista <strong>Valdo Cruz<\/strong> informou suposta insatisfa\u00e7\u00e3o de militares da ativa do Alto Comando com o ministro da Defesa, general Paulo S\u00e9rgio Nogueira, e com as cr\u00edticas do presidente <strong>Jair Bolsonaro<\/strong> \u00e0s urnas eletr\u00f4nicas.<\/p>\n<p style=\"text-align: justify;\">Segundo o\u00a0<em>G1<\/em>, militares da ativa disseram que Bolsonaro \u201cultrapassou todos os limites\u201d ao reunir embaixadores, no come\u00e7o da semana, para \u201catacar\u201d ministros do Supremo Tribunal Federal.<\/p>\n<p style=\"text-align: justify;\"><strong> \u201cO Centro de Comunica\u00e7\u00e3o Social do Ex\u00e9rcito expressa o rep\u00fadio da For\u00e7a ao contido na mat\u00e9ria, que parece buscar apenas a disc\u00f3rdia e a cis\u00e3o entre os militares da ativa e ministro da Defesa\u201d,<\/strong> comunicou.<\/p>\n<p style=\"text-align: justify;\">\u201c\u00c9 indiscut\u00edvel o relevante papel da imprensa para a garantia de uma democracia s\u00f3lida e um ambiente de harmonia institucional\u201d, observou o Ex\u00e9rcito. \u201cAssim sendo, disseminar desinforma\u00e7\u00e3o somente contribui para instabilidade entre as Institui\u00e7\u00f5es e, consequentemente, entre os brasileiros\u201d, acrescentou a nota.<\/p>\n<p style=\"text-align: justify;\">\n","protected":false},"excerpt":{"rendered":"<p>O Ex\u00e9rcito brasileiro divulgou nota\u00a0nesta quinta-feira, 21, para rebater e classificar como\u00a0fake news\u00a0uma reportagem publicada pelo portal\u00a0G1 , da Rede Globo. Na reportagem, o jornalista Valdo Cruz informou suposta insatisfa\u00e7\u00e3o de militares da ativa do Alto Comando com o ministro da Defesa, general Paulo S\u00e9rgio Nogueira, e com as cr\u00edticas do presidente Jair Bolsonaro \u00e0s [&hellip;]<\/p>\n","protected":false},"author":2,"featured_media":172763,"comment_status":"open","ping_status":"open","sticky":false,"template":"","format":"standard","meta":{"_monsterinsights_skip_tracking":false,"_monsterinsights_sitenote_active":false,"_monsterinsights_sitenote_note":"","_monsterinsights_sitenote_category":0},"categories":[6,30260,30259,12],"tags":[38216,1192,30654,501],"aioseo_notices":[],"_links":{"self":[{"href":"https:\/\/mspontocom.com.br\/site\/wp-json\/wp\/v2\/posts\/172749"}],"collection":[{"href":"https:\/\/mspontocom.com.br\/site\/wp-json\/wp\/v2\/posts"}],"about":[{"href":"https:\/\/mspontocom.com.br\/site\/wp-json\/wp\/v2\/types\/post"}],"author":[{"embeddable":true,"href":"https:\/\/mspontocom.com.br\/site\/wp-json\/wp\/v2\/users\/2"}],"replies":[{"embeddable":true,"href":"https:\/\/mspontocom.com.br\/site\/wp-json\/wp\/v2\/comments?post=172749"}],"version-history":[{"count":2,"href":"https:\/\/mspontocom.com.br\/site\/wp-json\/wp\/v2\/posts\/172749\/revisions"}],"predecessor-version":[{"id":172764,"href":"https:\/\/mspontocom.com.br\/site\/wp-json\/wp\/v2\/posts\/172749\/revisions\/172764"}],"wp:featuredmedia":[{"embeddable":true,"href":"https:\/\/mspontocom.com.br\/site\/wp-json\/wp\/v2\/media\/172763"}],"wp:attachment":[{"href":"https:\/\/mspontocom.com.br\/site\/wp-json\/wp\/v2\/media?parent=172749"}],"wp:term":[{"taxonomy":"category","embeddable":true,"href":"https:\/\/mspontocom.com.br\/site\/wp-json\/wp\/v2\/categories?post=172749"},{"taxonomy":"post_tag","embeddable":true,"href":"https:\/\/mspontocom.com.br\/site\/wp-json\/wp\/v2\/tags?post=172749"}],"curies":[{"name":"wp","href":"https:\/\/api.w.org\/{rel}","templated":true}]}}