{"id":172785,"date":"2022-07-23T07:15:06","date_gmt":"2022-07-23T11:15:06","guid":{"rendered":"https:\/\/mspontocom.com.br\/site\/?p=172785"},"modified":"2022-07-23T07:15:06","modified_gmt":"2022-07-23T11:15:06","slug":"lei-pcc-lula-estuda-mudar-lei-de-drogas-para-reduzir-prisoes","status":"publish","type":"post","link":"https:\/\/mspontocom.com.br\/site\/lei-pcc-lula-estuda-mudar-lei-de-drogas-para-reduzir-prisoes\/","title":{"rendered":"Lei PCC:  Lula estuda mudar lei de drogas para reduzir pris\u00f5es"},"content":{"rendered":"<p style=\"text-align: justify;\"><img loading=\"lazy\" class=\"alignnone size-medium wp-image-172797\" src=\"https:\/\/mspontocom.com.br\/site\/wp-content\/uploads\/2022\/07\/site-lei-pcc-lula-estuda-mudar-lei-de-drogas-para-reduzir-prisoes-lula-preso-e1658574820566-260x134.jpg\" alt=\"\" width=\"260\" height=\"134\" srcset=\"https:\/\/mspontocom.com.br\/site\/wp-content\/uploads\/2022\/07\/site-lei-pcc-lula-estuda-mudar-lei-de-drogas-para-reduzir-prisoes-lula-preso-e1658574820566-260x134.jpg 260w, https:\/\/mspontocom.com.br\/site\/wp-content\/uploads\/2022\/07\/site-lei-pcc-lula-estuda-mudar-lei-de-drogas-para-reduzir-prisoes-lula-preso-e1658574820566.jpg 749w\" sizes=\"(max-width: 260px) 100vw, 260px\" \/><\/p>\n<p style=\"text-align: justify;\">O grupo que elabora o programa de governo do ex-presidente\u00a0 <strong>Luiz In\u00e1cio Lula da Silva<\/strong> (PT) estuda alterar a lei de drogas para reduzir os encarceramentos.<\/p>\n<p style=\"text-align: justify;\">A ideia em debate \u00e9 estabelecer par\u00e2metros mais claros sobre o que \u00e9 tr\u00e1fico.<\/p>\n<p style=\"text-align: justify;\">Atualmente, a lei estipula pena de 5 a 15 anos de pris\u00e3o para quem comete esse crime.<\/p>\n<p style=\"text-align: justify;\">Especialistas em seguran\u00e7a p\u00fablica atribuem \u00e0 norma responsabilidade sobre o aumento da popula\u00e7\u00e3o carcer\u00e1ria nos \u00faltimos anos.<\/p>\n<p style=\"text-align: justify;\"><strong> Estariam sendo enquadrada em crime de tr\u00e1fico pessoas que poderiam receber penas mais brandas.<\/strong><\/p>\n<p style=\"text-align: justify;\">Em 2006, ano em que o dispositivo entrou em vigor, eram cerca de 401 mil pessoas presas no pa\u00eds.<\/p>\n<p style=\"text-align: justify;\">No ano passado, eram 821 mil.<\/p>\n<p style=\"text-align: justify;\">Os dados s\u00e3o do Departamento Penitenci\u00e1rio Nacional compilados pelo F\u00f3rum Brasileiro de Seguran\u00e7a P\u00fablica.<\/p>\n","protected":false},"excerpt":{"rendered":"<p>O grupo que elabora o programa de governo do ex-presidente\u00a0 Luiz In\u00e1cio Lula da Silva (PT) estuda alterar a lei de drogas para reduzir os encarceramentos. A ideia em debate \u00e9 estabelecer par\u00e2metros mais claros sobre o que \u00e9 tr\u00e1fico. Atualmente, a lei estipula pena de 5 a 15 anos de pris\u00e3o para quem comete [&hellip;]<\/p>\n","protected":false},"author":2,"featured_media":172797,"comment_status":"open","ping_status":"open","sticky":false,"template":"","format":"standard","meta":{"_monsterinsights_skip_tracking":false,"_monsterinsights_sitenote_active":false,"_monsterinsights_sitenote_note":"","_monsterinsights_sitenote_category":0},"categories":[6,30260,30259],"tags":[38222,480,4275,5772],"aioseo_notices":[],"_links":{"self":[{"href":"https:\/\/mspontocom.com.br\/site\/wp-json\/wp\/v2\/posts\/172785"}],"collection":[{"href":"https:\/\/mspontocom.com.br\/site\/wp-json\/wp\/v2\/posts"}],"about":[{"href":"https:\/\/mspontocom.com.br\/site\/wp-json\/wp\/v2\/types\/post"}],"author":[{"embeddable":true,"href":"https:\/\/mspontocom.com.br\/site\/wp-json\/wp\/v2\/users\/2"}],"replies":[{"embeddable":true,"href":"https:\/\/mspontocom.com.br\/site\/wp-json\/wp\/v2\/comments?post=172785"}],"version-history":[{"count":2,"href":"https:\/\/mspontocom.com.br\/site\/wp-json\/wp\/v2\/posts\/172785\/revisions"}],"predecessor-version":[{"id":172798,"href":"https:\/\/mspontocom.com.br\/site\/wp-json\/wp\/v2\/posts\/172785\/revisions\/172798"}],"wp:featuredmedia":[{"embeddable":true,"href":"https:\/\/mspontocom.com.br\/site\/wp-json\/wp\/v2\/media\/172797"}],"wp:attachment":[{"href":"https:\/\/mspontocom.com.br\/site\/wp-json\/wp\/v2\/media?parent=172785"}],"wp:term":[{"taxonomy":"category","embeddable":true,"href":"https:\/\/mspontocom.com.br\/site\/wp-json\/wp\/v2\/categories?post=172785"},{"taxonomy":"post_tag","embeddable":true,"href":"https:\/\/mspontocom.com.br\/site\/wp-json\/wp\/v2\/tags?post=172785"}],"curies":[{"name":"wp","href":"https:\/\/api.w.org\/{rel}","templated":true}]}}