{"id":172794,"date":"2022-07-23T07:09:14","date_gmt":"2022-07-23T11:09:14","guid":{"rendered":"https:\/\/mspontocom.com.br\/site\/?p=172794"},"modified":"2022-07-23T07:09:14","modified_gmt":"2022-07-23T11:09:14","slug":"ressabiado-lula-nao-vai-medir-medir-forcas-com-bolsonaro-no-7-de-setembro","status":"publish","type":"post","link":"https:\/\/mspontocom.com.br\/site\/ressabiado-lula-nao-vai-medir-medir-forcas-com-bolsonaro-no-7-de-setembro\/","title":{"rendered":"Ressabiado, Lula n\u00e3o vai medir medir for\u00e7as com Bolsonaro no 7 de setembro"},"content":{"rendered":"<p style=\"text-align: justify;\"><img loading=\"lazy\" class=\"alignnone size-medium wp-image-172795\" src=\"https:\/\/mspontocom.com.br\/site\/wp-content\/uploads\/2022\/07\/site-ressabiado-lula-nao-vai-medir-medir-forcas-com-bolsonaro-no-7-de-setembro-lula-01-e1658574482521-260x144.jpg\" alt=\"\" width=\"260\" height=\"144\" srcset=\"https:\/\/mspontocom.com.br\/site\/wp-content\/uploads\/2022\/07\/site-ressabiado-lula-nao-vai-medir-medir-forcas-com-bolsonaro-no-7-de-setembro-lula-01-e1658574482521-260x144.jpg 260w, https:\/\/mspontocom.com.br\/site\/wp-content\/uploads\/2022\/07\/site-ressabiado-lula-nao-vai-medir-medir-forcas-com-bolsonaro-no-7-de-setembro-lula-01-e1658574482521-768x427.jpg 768w, https:\/\/mspontocom.com.br\/site\/wp-content\/uploads\/2022\/07\/site-ressabiado-lula-nao-vai-medir-medir-forcas-com-bolsonaro-no-7-de-setembro-lula-01-e1658574482521.jpg 956w\" sizes=\"(max-width: 260px) 100vw, 260px\" \/><\/p>\n<p style=\"text-align: justify;\">O ex-presidente <strong>Luiz In\u00e1cio Lula da Silva<\/strong> sugeriu aos movimentos sociais que realizem o ato em refer\u00eancia a Semana da P\u00e1tria no dia 10 de setembro e n\u00e3o no dia 7.<\/p>\n<p style=\"text-align: justify;\"><strong>Lula quer evitar medir for\u00e7as com os seguidores de Jair Bolsonaro que seriam maioria absoluta nas ruas.<\/strong><\/p>\n<p style=\"text-align: justify;\">Lula desencorajou a realiza\u00e7\u00e3o de um ato apenas como resposta aos apoiadores de Bolsonaro.<\/p>\n<p style=\"text-align: justify;\">Os organizadores da mobiliza\u00e7\u00e3o em torno da candidatura de Lula, definiram como mote da mobiliza\u00e7\u00e3o o &#8220;dia nacional de mobiliza\u00e7\u00e3o unit\u00e1rio em defesa da democracia, por elei\u00e7\u00f5es livres e contra a viol\u00eancia&#8221;.<\/p>\n<div class=\"contentAd contentAd--noBackground marginBottom30\">\n<div class=\"marginTop10 adBackground\"><\/div>\n<\/div>\n","protected":false},"excerpt":{"rendered":"<p>O ex-presidente Luiz In\u00e1cio Lula da Silva sugeriu aos movimentos sociais que realizem o ato em refer\u00eancia a Semana da P\u00e1tria no dia 10 de setembro e n\u00e3o no dia 7. Lula quer evitar medir for\u00e7as com os seguidores de Jair Bolsonaro que seriam maioria absoluta nas ruas. Lula desencorajou a realiza\u00e7\u00e3o de um ato [&hellip;]<\/p>\n","protected":false},"author":2,"featured_media":172795,"comment_status":"open","ping_status":"open","sticky":false,"template":"","format":"standard","meta":{"_monsterinsights_skip_tracking":false,"_monsterinsights_sitenote_active":false,"_monsterinsights_sitenote_note":"","_monsterinsights_sitenote_category":0},"categories":[6,30260,30259],"tags":[6881,21017,480,38221],"aioseo_notices":[],"_links":{"self":[{"href":"https:\/\/mspontocom.com.br\/site\/wp-json\/wp\/v2\/posts\/172794"}],"collection":[{"href":"https:\/\/mspontocom.com.br\/site\/wp-json\/wp\/v2\/posts"}],"about":[{"href":"https:\/\/mspontocom.com.br\/site\/wp-json\/wp\/v2\/types\/post"}],"author":[{"embeddable":true,"href":"https:\/\/mspontocom.com.br\/site\/wp-json\/wp\/v2\/users\/2"}],"replies":[{"embeddable":true,"href":"https:\/\/mspontocom.com.br\/site\/wp-json\/wp\/v2\/comments?post=172794"}],"version-history":[{"count":1,"href":"https:\/\/mspontocom.com.br\/site\/wp-json\/wp\/v2\/posts\/172794\/revisions"}],"predecessor-version":[{"id":172796,"href":"https:\/\/mspontocom.com.br\/site\/wp-json\/wp\/v2\/posts\/172794\/revisions\/172796"}],"wp:featuredmedia":[{"embeddable":true,"href":"https:\/\/mspontocom.com.br\/site\/wp-json\/wp\/v2\/media\/172795"}],"wp:attachment":[{"href":"https:\/\/mspontocom.com.br\/site\/wp-json\/wp\/v2\/media?parent=172794"}],"wp:term":[{"taxonomy":"category","embeddable":true,"href":"https:\/\/mspontocom.com.br\/site\/wp-json\/wp\/v2\/categories?post=172794"},{"taxonomy":"post_tag","embeddable":true,"href":"https:\/\/mspontocom.com.br\/site\/wp-json\/wp\/v2\/tags?post=172794"}],"curies":[{"name":"wp","href":"https:\/\/api.w.org\/{rel}","templated":true}]}}