{"id":172807,"date":"2022-07-24T06:58:06","date_gmt":"2022-07-24T10:58:06","guid":{"rendered":"https:\/\/mspontocom.com.br\/site\/?p=172807"},"modified":"2022-07-24T06:58:06","modified_gmt":"2022-07-24T10:58:06","slug":"mais-de-mil-advogados-assinam-manifesto-em-defesa-de-bolsonaro","status":"publish","type":"post","link":"https:\/\/mspontocom.com.br\/site\/mais-de-mil-advogados-assinam-manifesto-em-defesa-de-bolsonaro\/","title":{"rendered":"Mais de mil advogados assinam manifesto em defesa de Bolsonaro"},"content":{"rendered":"<p style=\"text-align: justify;\"><img loading=\"lazy\" class=\"alignnone size-medium wp-image-172813\" src=\"https:\/\/mspontocom.com.br\/site\/wp-content\/uploads\/2022\/07\/site-mais-de-mil-advogados-assinam-manifesto-em-defesa-de-bolsonaro-bolsonaro-vacina-e1658660199662-260x134.jpg\" alt=\"\" width=\"260\" height=\"134\" srcset=\"https:\/\/mspontocom.com.br\/site\/wp-content\/uploads\/2022\/07\/site-mais-de-mil-advogados-assinam-manifesto-em-defesa-de-bolsonaro-bolsonaro-vacina-e1658660199662-260x134.jpg 260w, https:\/\/mspontocom.com.br\/site\/wp-content\/uploads\/2022\/07\/site-mais-de-mil-advogados-assinam-manifesto-em-defesa-de-bolsonaro-bolsonaro-vacina-e1658660199662-768x396.jpg 768w, https:\/\/mspontocom.com.br\/site\/wp-content\/uploads\/2022\/07\/site-mais-de-mil-advogados-assinam-manifesto-em-defesa-de-bolsonaro-bolsonaro-vacina-e1658660199662.jpg 782w\" sizes=\"(max-width: 260px) 100vw, 260px\" \/><\/p>\n<p style=\"text-align: justify;\">Um grupo de 1,4 mil advogados assinou um manifesto em defesa do presidente <strong>Jair Bolsonaro<\/strong> nesta semana.<\/p>\n<p style=\"text-align: justify;\">No documento, os signat\u00e1rios afirmam que o chefe do Executivo tem sido v\u00edtima de \u201cataques com acusa\u00e7\u00f5es infundadas, persegui\u00e7\u00e3o pol\u00edtica e crimes contra sua honra\u201d.<\/p>\n<p style=\"text-align: justify;\">A carta veio a p\u00fablico depois da mais recente crise institucional.<\/p>\n<p style=\"text-align: justify;\">No in\u00edcio da semana, Bolsonaro levantou d\u00favidas sobre a seguran\u00e7a das urnas eletr\u00f4nicas, durante uma reuni\u00e3o com mais de 40 embaixadores.<\/p>\n<p style=\"text-align: justify;\"><strong>As falas do presidente provocaram a f\u00faria do TSE\u00a0da esquerda e da imprensa.<\/strong><\/p>\n<p style=\"text-align: justify;\">Sem citar o Supremo Tribunal Federal, os advogados afirmam que \u201calguns tecnocratas militantes, n\u00e3o eleitos pelo povo, que ocupam posi\u00e7\u00f5es de poder em \u00f3rg\u00e3os p\u00fablicos, atuam como se fossem as autoridades m\u00e1ximas incontest\u00e1veis da pol\u00edtica e do direito, sem provas\u201d.<\/p>\n<p style=\"text-align: justify;\">Os advogados sustentam que os tecnocratas passam a \u201cimputar ao presidente a fr\u00e1gil e d\u00e9bil acusa\u00e7\u00e3o de que estaria cometendo crimes de responsabilidade, atentado \u00e0 democracia e animosidade entre as For\u00e7as Armadas\u201d.<\/p>\n<p style=\"text-align: justify;\">\u201cEsses supostos intelectuais da burocracia elitista, que vivem falando mal do Brasil e atacando Bolsonaro em confer\u00eancias e semin\u00e1rios no exterior, em flagrante ataque ao povo brasileiro\u201d, salienta trecho do documento, ao mencionar que o presidente busca elei\u00e7\u00f5es livres e transparentes.<\/p>\n","protected":false},"excerpt":{"rendered":"<p>Um grupo de 1,4 mil advogados assinou um manifesto em defesa do presidente Jair Bolsonaro nesta semana. No documento, os signat\u00e1rios afirmam que o chefe do Executivo tem sido v\u00edtima de \u201cataques com acusa\u00e7\u00f5es infundadas, persegui\u00e7\u00e3o pol\u00edtica e crimes contra sua honra\u201d. A carta veio a p\u00fablico depois da mais recente crise institucional. No in\u00edcio [&hellip;]<\/p>\n","protected":false},"author":2,"featured_media":172813,"comment_status":"open","ping_status":"open","sticky":false,"template":"","format":"standard","meta":{"_monsterinsights_skip_tracking":false,"_monsterinsights_sitenote_active":false,"_monsterinsights_sitenote_note":"","_monsterinsights_sitenote_category":0},"categories":[6,30260,30259],"tags":[214,21017,7900],"aioseo_notices":[],"_links":{"self":[{"href":"https:\/\/mspontocom.com.br\/site\/wp-json\/wp\/v2\/posts\/172807"}],"collection":[{"href":"https:\/\/mspontocom.com.br\/site\/wp-json\/wp\/v2\/posts"}],"about":[{"href":"https:\/\/mspontocom.com.br\/site\/wp-json\/wp\/v2\/types\/post"}],"author":[{"embeddable":true,"href":"https:\/\/mspontocom.com.br\/site\/wp-json\/wp\/v2\/users\/2"}],"replies":[{"embeddable":true,"href":"https:\/\/mspontocom.com.br\/site\/wp-json\/wp\/v2\/comments?post=172807"}],"version-history":[{"count":2,"href":"https:\/\/mspontocom.com.br\/site\/wp-json\/wp\/v2\/posts\/172807\/revisions"}],"predecessor-version":[{"id":172814,"href":"https:\/\/mspontocom.com.br\/site\/wp-json\/wp\/v2\/posts\/172807\/revisions\/172814"}],"wp:featuredmedia":[{"embeddable":true,"href":"https:\/\/mspontocom.com.br\/site\/wp-json\/wp\/v2\/media\/172813"}],"wp:attachment":[{"href":"https:\/\/mspontocom.com.br\/site\/wp-json\/wp\/v2\/media?parent=172807"}],"wp:term":[{"taxonomy":"category","embeddable":true,"href":"https:\/\/mspontocom.com.br\/site\/wp-json\/wp\/v2\/categories?post=172807"},{"taxonomy":"post_tag","embeddable":true,"href":"https:\/\/mspontocom.com.br\/site\/wp-json\/wp\/v2\/tags?post=172807"}],"curies":[{"name":"wp","href":"https:\/\/api.w.org\/{rel}","templated":true}]}}