{"id":172823,"date":"2022-07-25T06:09:35","date_gmt":"2022-07-25T10:09:35","guid":{"rendered":"https:\/\/mspontocom.com.br\/site\/?p=172823"},"modified":"2022-07-25T06:09:35","modified_gmt":"2022-07-25T10:09:35","slug":"pesquisa-cai-vantagem-de-lula-nas-regioes-norte-e-nordeste","status":"publish","type":"post","link":"https:\/\/mspontocom.com.br\/site\/pesquisa-cai-vantagem-de-lula-nas-regioes-norte-e-nordeste\/","title":{"rendered":"Pesquisa: Cai vantagem de Lula nas regi\u00f5es Norte e Nordeste"},"content":{"rendered":"<p style=\"text-align: justify;\"><img loading=\"lazy\" class=\"alignnone size-medium wp-image-172824\" src=\"https:\/\/mspontocom.com.br\/site\/wp-content\/uploads\/2022\/07\/site-cai-vantagem-de-lula-bolsolula1-260x146.jpg\" alt=\"\" width=\"260\" height=\"146\" \/><\/p>\n<p style=\"text-align: justify;\">M\u00e9dia ponderada da Potencial Intelig\u00eancia realizada para o Di\u00e1rio do Poder, que analisa as pesquisas eleitorais para presidente nos Estados, aponta que a diferen\u00e7a entre Lula e Jair Bolsonaro (PL) \u00e9 a menor desde junho nas regi\u00f5es Norte e Nordeste, onde o petista lidera a disputa.<\/p>\n<p style=\"text-align: justify;\">No Nordeste, Lula perdeu quatro pontos na semana, e Bolsonaro ganhou tr\u00eas.<\/p>\n<div id=\"Nota-7\" class=\"entry-block ch-nota Nota-7\" style=\"text-align: justify;\">\n<h3>Caiu<\/h3>\n<\/div>\n<p style=\"text-align: justify;\">No Norte, Lula perdeu mais de um ponto, e registra 42% na m\u00e9dia at\u00e9 a \u00faltima sexta (22). Bolsonaro cresceu quase tr\u00eas pontos para 37,4%.<\/p>\n<div id=\"Nota-8\" class=\"entry-block ch-nota Nota-8\" style=\"text-align: justify;\">\n<h3>\u00c9 tend\u00eancia<\/h3>\n<\/div>\n<p style=\"text-align: justify;\">A diferen\u00e7a entre os dois principais candidatos tamb\u00e9m caiu no Centro-Oeste, onde o presidente lidera: 40,5% a 34,6% do candidato do PT.<\/p>\n<div id=\"Nota-9\" class=\"entry-block ch-nota Nota-9\" style=\"text-align: justify;\">\n<h3>Sem mudan\u00e7a<\/h3>\n<\/div>\n<p style=\"text-align: justify;\">No Sudeste, a diferen\u00e7a n\u00e3o mudou: Lula tem 38,7% e Bolsonaro, 33%. A Potencial considera 37 mil entrevistas, deste ano, em mil munic\u00edpios.<\/p>\n<p style=\"text-align: justify;\">\n<p style=\"text-align: justify;\">fonte: Coluna Claudio Humberto, Di\u00e1rio do Poder<\/p>\n","protected":false},"excerpt":{"rendered":"<p>M\u00e9dia ponderada da Potencial Intelig\u00eancia realizada para o Di\u00e1rio do Poder, que analisa as pesquisas eleitorais para presidente nos Estados, aponta que a diferen\u00e7a entre Lula e Jair Bolsonaro (PL) \u00e9 a menor desde junho nas regi\u00f5es Norte e Nordeste, onde o petista lidera a disputa. No Nordeste, Lula perdeu quatro pontos na semana, e [&hellip;]<\/p>\n","protected":false},"author":2,"featured_media":172824,"comment_status":"open","ping_status":"open","sticky":false,"template":"","format":"standard","meta":{"_monsterinsights_skip_tracking":false,"_monsterinsights_sitenote_active":false,"_monsterinsights_sitenote_note":"","_monsterinsights_sitenote_category":0},"categories":[30260,30259,12],"tags":[21017,480,3182,733,38228],"aioseo_notices":[],"_links":{"self":[{"href":"https:\/\/mspontocom.com.br\/site\/wp-json\/wp\/v2\/posts\/172823"}],"collection":[{"href":"https:\/\/mspontocom.com.br\/site\/wp-json\/wp\/v2\/posts"}],"about":[{"href":"https:\/\/mspontocom.com.br\/site\/wp-json\/wp\/v2\/types\/post"}],"author":[{"embeddable":true,"href":"https:\/\/mspontocom.com.br\/site\/wp-json\/wp\/v2\/users\/2"}],"replies":[{"embeddable":true,"href":"https:\/\/mspontocom.com.br\/site\/wp-json\/wp\/v2\/comments?post=172823"}],"version-history":[{"count":1,"href":"https:\/\/mspontocom.com.br\/site\/wp-json\/wp\/v2\/posts\/172823\/revisions"}],"predecessor-version":[{"id":172825,"href":"https:\/\/mspontocom.com.br\/site\/wp-json\/wp\/v2\/posts\/172823\/revisions\/172825"}],"wp:featuredmedia":[{"embeddable":true,"href":"https:\/\/mspontocom.com.br\/site\/wp-json\/wp\/v2\/media\/172824"}],"wp:attachment":[{"href":"https:\/\/mspontocom.com.br\/site\/wp-json\/wp\/v2\/media?parent=172823"}],"wp:term":[{"taxonomy":"category","embeddable":true,"href":"https:\/\/mspontocom.com.br\/site\/wp-json\/wp\/v2\/categories?post=172823"},{"taxonomy":"post_tag","embeddable":true,"href":"https:\/\/mspontocom.com.br\/site\/wp-json\/wp\/v2\/tags?post=172823"}],"curies":[{"name":"wp","href":"https:\/\/api.w.org\/{rel}","templated":true}]}}