{"id":172829,"date":"2022-07-25T15:55:06","date_gmt":"2022-07-25T19:55:06","guid":{"rendered":"https:\/\/mspontocom.com.br\/site\/?p=172829"},"modified":"2022-07-25T15:41:43","modified_gmt":"2022-07-25T19:41:43","slug":"abusos-nas-viagens-do-stf-tem-ate-passagens-para-esposas-de-ministros","status":"publish","type":"post","link":"https:\/\/mspontocom.com.br\/site\/abusos-nas-viagens-do-stf-tem-ate-passagens-para-esposas-de-ministros\/","title":{"rendered":"Abusos nas viagens do STF tem at\u00e9 passagens para esposas de ministros"},"content":{"rendered":"<p style=\"text-align: justify;\"><img loading=\"lazy\" class=\"alignnone size-medium wp-image-172834\" src=\"https:\/\/mspontocom.com.br\/site\/wp-content\/uploads\/2022\/07\/site-abusos-nas-viagens-do-stf-tem-passagens-para-esposas-de-ministros-stf-2-e8b5f394-e1658746730421-260x157.png\" alt=\"\" width=\"260\" height=\"157\" srcset=\"https:\/\/mspontocom.com.br\/site\/wp-content\/uploads\/2022\/07\/site-abusos-nas-viagens-do-stf-tem-passagens-para-esposas-de-ministros-stf-2-e8b5f394-e1658746730421-260x157.png 260w, https:\/\/mspontocom.com.br\/site\/wp-content\/uploads\/2022\/07\/site-abusos-nas-viagens-do-stf-tem-passagens-para-esposas-de-ministros-stf-2-e8b5f394-e1658746730421-768x463.png 768w, https:\/\/mspontocom.com.br\/site\/wp-content\/uploads\/2022\/07\/site-abusos-nas-viagens-do-stf-tem-passagens-para-esposas-de-ministros-stf-2-e8b5f394-e1658746730421.png 784w\" sizes=\"(max-width: 260px) 100vw, 260px\" \/><\/p>\n<p style=\"text-align: justify;\">Gastos abusivos e falta de transpar\u00eancia na compra de passagens a\u00e9reas n\u00e3o s\u00e3o novidades no Supremo Tribunal Federal<strong> (STF). <\/strong><\/p>\n<p style=\"text-align: justify;\">Decis\u00e3o do Tribunal de Contas da Uni\u00e3o (TCU), em 2019, registra a compra de bilhetes para esposas de cinco ministros para o exterior, na 1\u00aa classe, de 2009 a 2012, num valor total de R$ 1 milh\u00e3o (em valores atualizados).<\/p>\n<p style=\"text-align: justify;\">Eram os ministros<strong> Gilmar Mendes<\/strong> e <strong>Ricardo Lewandowski<\/strong> e tr\u00eas ministros aposentados, Ayres Brito, Cezar Beluso e Eros Grau.<\/p>\n<p style=\"text-align: justify;\">A Secretaria de Controle Externo (Secex) de Administra\u00e7\u00e3o concluiu que a emiss\u00e3o de passagens a\u00e9reas internacionais para c\u00f4njuges ou companheiros de ministros do STF, apesar de prevista no regimento interno da corte, n\u00e3o encontrava amparo em leis e normas que regem a representa\u00e7\u00e3o ou cerimonial no exterior.<\/p>\n<p style=\"text-align: justify;\">O STF pagava as passagens das esposas de ministros com base na Resolu\u00e7\u00e3o 545\/2015, de sua pr\u00f3pria autoria.<\/p>\n<p style=\"text-align: justify;\"><span style=\"font-size: 14pt;\"><strong>As mesmas cotas no TCU e STJ, diz STF<\/strong><\/span><\/p>\n<p style=\"text-align: justify;\">Em sua defesa perante a corte de contas, o STF afirmou que as cotas de passagem dos ministros da corte, relacionadas \u00e0 representa\u00e7\u00e3o institucional, tinha a mesma natureza das que eram destinadas \u00e0s autoridades do TCU\u00a0 e ministros do Superior Tribunal de Justi\u00e7a.<\/p>\n<p style=\"text-align: justify;\">A Secex respondeu nos autos: \u201cA not\u00edcia de que o TCU e o STJ adotam a pr\u00e1tica n\u00e3o tornam os atos regulares. Considerando que, al\u00e9m do STF, outros \u00f3rg\u00e3os podem estar adotando a pr\u00e1tica de pagamento de passagens e di\u00e1rias desvinculado do interesse do servi\u00e7o, seria oportuno ao TCU firmar entendimento pela ilegalidade da concess\u00e3o de di\u00e1rias e passagens sem a devida comprova\u00e7\u00e3o do interesse do servi\u00e7o, por falta de amparo legal\u201d.<\/p>\n<p style=\"text-align: justify;\">A reportagem do Estad\u00e3o apurou que o Supremo gastou 2,2 milh\u00f5es com a compra de passagens de 2009 a 2012, sendo R$ 1,5 milh\u00e3opara voos internacionais.<\/p>\n<p style=\"text-align: justify;\">Foram destinados R$ 608 mil todos (valores nominais) para compra de bilhetes das esposas dos cinco ministros para o exterior.<\/p>\n<p style=\"text-align: justify;\"><span style=\"font-size: 14pt;\"><strong>Passagens nas f\u00e9rias<\/strong><\/span><\/p>\n<p style=\"text-align: justify;\">Os ministros tamb\u00e9m usaram passagens pagas com verbas p\u00fablicas durante o recesso, quando estavam de f\u00e9rias.<\/p>\n<p style=\"text-align: justify;\">Foram R$ 259 mil gastos em viagens nacionais e internacionais.<\/p>\n<p style=\"text-align: justify;\">O TCU decidiu que a concess\u00e3o de passagens a ministros e servidores deve ficar restrita \u00e0s viagens vinculadas ao servi\u00e7o ou motivadas por interesse institucional.<\/p>\n<p style=\"text-align: justify;\">O tribunal tamb\u00e9m determinou ao STF que, no prazo de at\u00e9 90 dias, disponibilizasse na p\u00e1gina do STF na internet as informa\u00e7\u00f5es sobre concess\u00e3o de passagens a\u00e9reas aos respectivos ministros, incluindo aquelas custeadas por meio de cotas para fins de representa\u00e7\u00e3o institucional.<\/p>\n<p style=\"text-align: justify;\"><strong> Ningu\u00e9m foi punido, n\u00e3o houve qualquer ressarcimento de recurso p\u00fablico.<\/strong><\/p>\n<p style=\"text-align: justify;\">Reportagem do blog mostrou que os voos dos ministros est\u00e3o sob sigilo. N\u00e3o \u00e9 poss\u00edvel saber para onde v\u00e3o, o que fazem nem quanto gastam.<\/p>\n<p style=\"text-align: justify;\">Esse sigilo foi adotado por quest\u00f5es de seguran\u00e7a, mas tamb\u00e9m esconde os gastos com passagens a\u00e9reas em viagens nacionais e internacionais.<\/p>\n<p style=\"text-align: justify;\">fonte: Lucio Vaz, Correio do Povo<\/p>\n","protected":false},"excerpt":{"rendered":"<p>Gastos abusivos e falta de transpar\u00eancia na compra de passagens a\u00e9reas n\u00e3o s\u00e3o novidades no Supremo Tribunal Federal (STF). Decis\u00e3o do Tribunal de Contas da Uni\u00e3o (TCU), em 2019, registra a compra de bilhetes para esposas de cinco ministros para o exterior, na 1\u00aa classe, de 2009 a 2012, num valor total de R$ 1 [&hellip;]<\/p>\n","protected":false},"author":2,"featured_media":172834,"comment_status":"open","ping_status":"open","sticky":false,"template":"","format":"standard","meta":{"_monsterinsights_skip_tracking":false,"_monsterinsights_sitenote_active":false,"_monsterinsights_sitenote_note":"","_monsterinsights_sitenote_category":0},"categories":[6,30260,30259],"tags":[38230,988,3014,7704],"aioseo_notices":[],"_links":{"self":[{"href":"https:\/\/mspontocom.com.br\/site\/wp-json\/wp\/v2\/posts\/172829"}],"collection":[{"href":"https:\/\/mspontocom.com.br\/site\/wp-json\/wp\/v2\/posts"}],"about":[{"href":"https:\/\/mspontocom.com.br\/site\/wp-json\/wp\/v2\/types\/post"}],"author":[{"embeddable":true,"href":"https:\/\/mspontocom.com.br\/site\/wp-json\/wp\/v2\/users\/2"}],"replies":[{"embeddable":true,"href":"https:\/\/mspontocom.com.br\/site\/wp-json\/wp\/v2\/comments?post=172829"}],"version-history":[{"count":3,"href":"https:\/\/mspontocom.com.br\/site\/wp-json\/wp\/v2\/posts\/172829\/revisions"}],"predecessor-version":[{"id":172846,"href":"https:\/\/mspontocom.com.br\/site\/wp-json\/wp\/v2\/posts\/172829\/revisions\/172846"}],"wp:featuredmedia":[{"embeddable":true,"href":"https:\/\/mspontocom.com.br\/site\/wp-json\/wp\/v2\/media\/172834"}],"wp:attachment":[{"href":"https:\/\/mspontocom.com.br\/site\/wp-json\/wp\/v2\/media?parent=172829"}],"wp:term":[{"taxonomy":"category","embeddable":true,"href":"https:\/\/mspontocom.com.br\/site\/wp-json\/wp\/v2\/categories?post=172829"},{"taxonomy":"post_tag","embeddable":true,"href":"https:\/\/mspontocom.com.br\/site\/wp-json\/wp\/v2\/tags?post=172829"}],"curies":[{"name":"wp","href":"https:\/\/api.w.org\/{rel}","templated":true}]}}