{"id":172831,"date":"2022-07-25T15:45:13","date_gmt":"2022-07-25T19:45:13","guid":{"rendered":"https:\/\/mspontocom.com.br\/site\/?p=172831"},"modified":"2022-07-25T15:39:40","modified_gmt":"2022-07-25T19:39:40","slug":"provocacao-justica-pode-soltar-adelio-as-vesperas-das-eleicoes","status":"publish","type":"post","link":"https:\/\/mspontocom.com.br\/site\/provocacao-justica-pode-soltar-adelio-as-vesperas-das-eleicoes\/","title":{"rendered":"Provoca\u00e7\u00e3o: Justi\u00e7a pode soltar Ad\u00e9lio \u00e0s v\u00e9speras das elei\u00e7\u00f5es"},"content":{"rendered":"<p style=\"text-align: justify;\"><img loading=\"lazy\" class=\"alignnone size-medium wp-image-172832\" src=\"https:\/\/mspontocom.com.br\/site\/wp-content\/uploads\/2022\/07\/site-provocacao-justica-pode-soltar-adelio-as-vesperas-das-eleicoes-adelio-e1658746216814-260x130.jpeg\" alt=\"\" width=\"260\" height=\"130\" srcset=\"https:\/\/mspontocom.com.br\/site\/wp-content\/uploads\/2022\/07\/site-provocacao-justica-pode-soltar-adelio-as-vesperas-das-eleicoes-adelio-e1658746216814-260x130.jpeg 260w, https:\/\/mspontocom.com.br\/site\/wp-content\/uploads\/2022\/07\/site-provocacao-justica-pode-soltar-adelio-as-vesperas-das-eleicoes-adelio-e1658746216814-1024x513.jpeg 1024w, https:\/\/mspontocom.com.br\/site\/wp-content\/uploads\/2022\/07\/site-provocacao-justica-pode-soltar-adelio-as-vesperas-das-eleicoes-adelio-e1658746216814-768x385.jpeg 768w, https:\/\/mspontocom.com.br\/site\/wp-content\/uploads\/2022\/07\/site-provocacao-justica-pode-soltar-adelio-as-vesperas-das-eleicoes-adelio-e1658746216814.jpeg 1296w\" sizes=\"(max-width: 260px) 100vw, 260px\" \/><\/p>\n<p style=\"text-align: justify;\">O juiz federal Luiz Augusto Iamassaki Fiorentini, da 5\u00aa Vara Federal de Campo Grande (MS) determinou a realiza\u00e7\u00e3o de per\u00edcia <strong>que pode determinar a soltura do autor<\/strong> da tentativa de assassinato contra contra o presidente <strong>Jair Bolsonaro<\/strong> (PL).<\/p>\n<p style=\"text-align: justify;\"><strong>Ad\u00e9lio Bispo de Oliveira<\/strong> ser\u00e1 submetido a exames com o objetivo de<strong> ganhar liberdade<\/strong> e n\u00e3o para sua interna\u00e7\u00e3o ser convertida em pena de pris\u00e3o por haver esfaqueado o ent\u00e3o candidato a presidente, em 2018.<\/p>\n<div id=\"ddp-ads-AD-51\" style=\"text-align: justify;\" data-google-query-id=\"CNWgq4Luk_kCFa0kuQYda5MNoQ\">\n<div id=\"google_ads_iframe_\/21727414016\/AD-51_0__container__\">Primeiro, para impedir seu julgamento como homicida, obteve-se a decis\u00e3o de consider\u00e1-lo um doente mental e, agora, retirando essa conclus\u00e3o, para torn\u00e1-lo um <strong>homem livre.<\/strong><\/div>\n<div><\/div>\n<div>Na pr\u00e1tica, garante-se a impunidade do crime cometido.<\/div>\n<\/div>\n<p style=\"text-align: justify;\">A per\u00edcia tem prazo de trinta dias para entregar o laudo.<\/p>\n","protected":false},"excerpt":{"rendered":"<p>O juiz federal Luiz Augusto Iamassaki Fiorentini, da 5\u00aa Vara Federal de Campo Grande (MS) determinou a realiza\u00e7\u00e3o de per\u00edcia que pode determinar a soltura do autor da tentativa de assassinato contra contra o presidente Jair Bolsonaro (PL). Ad\u00e9lio Bispo de Oliveira ser\u00e1 submetido a exames com o objetivo de ganhar liberdade e n\u00e3o para [&hellip;]<\/p>\n","protected":false},"author":2,"featured_media":172832,"comment_status":"open","ping_status":"open","sticky":false,"template":"","format":"standard","meta":{"_monsterinsights_skip_tracking":false,"_monsterinsights_sitenote_active":false,"_monsterinsights_sitenote_note":"","_monsterinsights_sitenote_category":0},"categories":[6,30260,30259],"tags":[32376,21017,1887,35254,30457],"aioseo_notices":[],"_links":{"self":[{"href":"https:\/\/mspontocom.com.br\/site\/wp-json\/wp\/v2\/posts\/172831"}],"collection":[{"href":"https:\/\/mspontocom.com.br\/site\/wp-json\/wp\/v2\/posts"}],"about":[{"href":"https:\/\/mspontocom.com.br\/site\/wp-json\/wp\/v2\/types\/post"}],"author":[{"embeddable":true,"href":"https:\/\/mspontocom.com.br\/site\/wp-json\/wp\/v2\/users\/2"}],"replies":[{"embeddable":true,"href":"https:\/\/mspontocom.com.br\/site\/wp-json\/wp\/v2\/comments?post=172831"}],"version-history":[{"count":2,"href":"https:\/\/mspontocom.com.br\/site\/wp-json\/wp\/v2\/posts\/172831\/revisions"}],"predecessor-version":[{"id":172847,"href":"https:\/\/mspontocom.com.br\/site\/wp-json\/wp\/v2\/posts\/172831\/revisions\/172847"}],"wp:featuredmedia":[{"embeddable":true,"href":"https:\/\/mspontocom.com.br\/site\/wp-json\/wp\/v2\/media\/172832"}],"wp:attachment":[{"href":"https:\/\/mspontocom.com.br\/site\/wp-json\/wp\/v2\/media?parent=172831"}],"wp:term":[{"taxonomy":"category","embeddable":true,"href":"https:\/\/mspontocom.com.br\/site\/wp-json\/wp\/v2\/categories?post=172831"},{"taxonomy":"post_tag","embeddable":true,"href":"https:\/\/mspontocom.com.br\/site\/wp-json\/wp\/v2\/tags?post=172831"}],"curies":[{"name":"wp","href":"https:\/\/api.w.org\/{rel}","templated":true}]}}