{"id":172850,"date":"2022-07-26T13:33:58","date_gmt":"2022-07-26T17:33:58","guid":{"rendered":"https:\/\/mspontocom.com.br\/site\/?p=172850"},"modified":"2022-07-26T13:21:59","modified_gmt":"2022-07-26T17:21:59","slug":"pgr-da-entender-ao-stf-que-cpi-da-covid-foi-mesmo-um-circo","status":"publish","type":"post","link":"https:\/\/mspontocom.com.br\/site\/pgr-da-entender-ao-stf-que-cpi-da-covid-foi-mesmo-um-circo\/","title":{"rendered":"PGR d\u00e1 entender ao STF que CPI da Covid foi mesmo um circo"},"content":{"rendered":"<p style=\"text-align: justify;\"><img loading=\"lazy\" class=\"alignnone size-medium wp-image-172856\" src=\"https:\/\/mspontocom.com.br\/site\/wp-content\/uploads\/2022\/07\/site-pgr-diz-ao-stf-que-decidiu-arquivar-alegacoes-da-cpi-da-covid-contra-bolsonaro-circo1-e1658832330892-260x167.jpg\" alt=\"\" width=\"260\" height=\"167\" srcset=\"https:\/\/mspontocom.com.br\/site\/wp-content\/uploads\/2022\/07\/site-pgr-diz-ao-stf-que-decidiu-arquivar-alegacoes-da-cpi-da-covid-contra-bolsonaro-circo1-e1658832330892-260x167.jpg 260w, https:\/\/mspontocom.com.br\/site\/wp-content\/uploads\/2022\/07\/site-pgr-diz-ao-stf-que-decidiu-arquivar-alegacoes-da-cpi-da-covid-contra-bolsonaro-circo1-e1658832330892.jpg 669w\" sizes=\"(max-width: 260px) 100vw, 260px\" \/><\/p>\n<p style=\"text-align: justify;\">A Procuradoria-Geral da Rep\u00fablica (PGR) solicitou ao <strong>STF<\/strong>,\u00a0 o arquivamento de apura\u00e7\u00f5es preliminares em rela\u00e7\u00e3o ao presidente <strong>Jair Bolsonaro<\/strong>, ministros e aliados, conclu\u00eddas pela CPI da Covid, tamb\u00e9m conhecida como a<strong> CPI do Circo.<\/strong><\/p>\n<p style=\"text-align: justify;\">A vice-procuradora-geral da Rep\u00fablica, Lind\u00f4ra Ara\u00fajo afirmou que as convic\u00e7\u00f5es da CPI foram <strong>\u201cpol\u00edticas\u201d<\/strong> e n\u00e3o podem ser transportadas para \u00e1rea jur\u00eddica de \u201cforma autom\u00e1tica\u201d.<\/p>\n<p style=\"text-align: justify;\">Das dez apura\u00e7\u00f5es conclu\u00eddas e entregues pela comiss\u00e3o da Covid, a PGR quer o arquivamento de sete.<\/p>\n<div id=\"ddp-ads-AD-51\" data-google-query-id=\"CIvz656slvkCFeMyuQYdGoMHqQ\">\n<div id=\"google_ads_iframe_\/21727414016\/AD-51_0__container__\" style=\"text-align: justify;\">No relat\u00f3rio final, a CPI acusou Bolsonaro de nove crimes, entretanto, para a PGR\u00a0 <strong>n\u00e3o h\u00e1 ind\u00edcios das pr\u00e1ticas dos crimes,<\/strong> pelos quais a comiss\u00e3o acusa Bolsonaro.<\/div>\n<\/div>\n<p>&nbsp;<\/p>\n","protected":false},"excerpt":{"rendered":"<p>A Procuradoria-Geral da Rep\u00fablica (PGR) solicitou ao STF,\u00a0 o arquivamento de apura\u00e7\u00f5es preliminares em rela\u00e7\u00e3o ao presidente Jair Bolsonaro, ministros e aliados, conclu\u00eddas pela CPI da Covid, tamb\u00e9m conhecida como a CPI do Circo. A vice-procuradora-geral da Rep\u00fablica, Lind\u00f4ra Ara\u00fajo afirmou que as convic\u00e7\u00f5es da CPI foram \u201cpol\u00edticas\u201d e n\u00e3o podem ser transportadas para \u00e1rea [&hellip;]<\/p>\n","protected":false},"author":2,"featured_media":172856,"comment_status":"open","ping_status":"open","sticky":false,"template":"","format":"standard","meta":{"_monsterinsights_skip_tracking":false,"_monsterinsights_sitenote_active":false,"_monsterinsights_sitenote_note":"","_monsterinsights_sitenote_category":0},"categories":[6,30260,30259],"tags":[33299,37684,37853,11796,3014],"aioseo_notices":[],"_links":{"self":[{"href":"https:\/\/mspontocom.com.br\/site\/wp-json\/wp\/v2\/posts\/172850"}],"collection":[{"href":"https:\/\/mspontocom.com.br\/site\/wp-json\/wp\/v2\/posts"}],"about":[{"href":"https:\/\/mspontocom.com.br\/site\/wp-json\/wp\/v2\/types\/post"}],"author":[{"embeddable":true,"href":"https:\/\/mspontocom.com.br\/site\/wp-json\/wp\/v2\/users\/2"}],"replies":[{"embeddable":true,"href":"https:\/\/mspontocom.com.br\/site\/wp-json\/wp\/v2\/comments?post=172850"}],"version-history":[{"count":2,"href":"https:\/\/mspontocom.com.br\/site\/wp-json\/wp\/v2\/posts\/172850\/revisions"}],"predecessor-version":[{"id":172857,"href":"https:\/\/mspontocom.com.br\/site\/wp-json\/wp\/v2\/posts\/172850\/revisions\/172857"}],"wp:featuredmedia":[{"embeddable":true,"href":"https:\/\/mspontocom.com.br\/site\/wp-json\/wp\/v2\/media\/172856"}],"wp:attachment":[{"href":"https:\/\/mspontocom.com.br\/site\/wp-json\/wp\/v2\/media?parent=172850"}],"wp:term":[{"taxonomy":"category","embeddable":true,"href":"https:\/\/mspontocom.com.br\/site\/wp-json\/wp\/v2\/categories?post=172850"},{"taxonomy":"post_tag","embeddable":true,"href":"https:\/\/mspontocom.com.br\/site\/wp-json\/wp\/v2\/tags?post=172850"}],"curies":[{"name":"wp","href":"https:\/\/api.w.org\/{rel}","templated":true}]}}