{"id":172852,"date":"2022-07-26T15:36:16","date_gmt":"2022-07-26T19:36:16","guid":{"rendered":"https:\/\/mspontocom.com.br\/site\/?p=172852"},"modified":"2022-07-26T15:19:35","modified_gmt":"2022-07-26T19:19:35","slug":"ucrania-diz-que-lula-fez-propaganda-da-russia-durante-a-guerra","status":"publish","type":"post","link":"https:\/\/mspontocom.com.br\/site\/ucrania-diz-que-lula-fez-propaganda-da-russia-durante-a-guerra\/","title":{"rendered":"Ucr\u00e2nia diz que Lula fez propaganda da R\u00fassia durante a guerra"},"content":{"rendered":"<p style=\"text-align: justify;\"><img loading=\"lazy\" class=\"alignnone size-medium wp-image-172858\" src=\"https:\/\/mspontocom.com.br\/site\/wp-content\/uploads\/2022\/07\/site-ucrania-diz-que-lula-fez-propaganda-da-russia-durante-a-guerra-lula-01-e1658832691250-260x148.jpg\" alt=\"\" width=\"260\" height=\"148\" srcset=\"https:\/\/mspontocom.com.br\/site\/wp-content\/uploads\/2022\/07\/site-ucrania-diz-que-lula-fez-propaganda-da-russia-durante-a-guerra-lula-01-e1658832691250-260x148.jpg 260w, https:\/\/mspontocom.com.br\/site\/wp-content\/uploads\/2022\/07\/site-ucrania-diz-que-lula-fez-propaganda-da-russia-durante-a-guerra-lula-01-e1658832691250-768x438.jpg 768w, https:\/\/mspontocom.com.br\/site\/wp-content\/uploads\/2022\/07\/site-ucrania-diz-que-lula-fez-propaganda-da-russia-durante-a-guerra-lula-01-e1658832691250.jpg 961w\" sizes=\"(max-width: 260px) 100vw, 260px\" \/><\/p>\n<p style=\"text-align: justify;\">O ex-presidente Luiz In\u00e1cio Lula da Silva (PT) \u00e9 acusado pelo governo ucraniano de promover discurso a favor da R\u00fassia na guerra.<\/p>\n<p style=\"text-align: justify;\"><strong> Lula<\/strong> \u00e9 citado em uma lista de \u201coradores que promoveram narrativas de propaganda russa\u201d.<\/p>\n<p style=\"text-align: justify;\">A lista est\u00e1 publicada em um site chamado Centro de Combate \u00e0 Desinforma\u00e7\u00e3o, criado pelo governo de <strong>Zelensky<\/strong> no ano passado para fornecer informa\u00e7\u00f5es sobre a guerra sob a perspectiva de Kiev.<\/p>\n<p style=\"text-align: justify;\">Segundo o relat\u00f3rio,<strong> Lula<\/strong> consta na rela\u00e7\u00e3o por ter dito que a R\u00fassia deveria liderar uma \u201cnova ordem mundial\u201d e afirmar que os presidentes da Ucr\u00e2nia, Volodymyr Zelensky, e da R\u00fassia, Vladimir Putin, t\u00eam culpa id\u00eantica pela guerra na Ucr\u00e2nia.<\/p>\n<p style=\"text-align: justify;\">A declara\u00e7\u00e3o foi dada \u00e0 revista norte-americana Time em 4 de maio deste ano.<\/p>\n<p style=\"text-align: justify;\">\u201cFico vendo o presidente da Ucr\u00e2nia na televis\u00e3o como se estivesse festejando, sendo aplaudido em p\u00e9 por todos os parlamentos, sabe? Esse cara \u00e9 t\u00e3o respons\u00e1vel quanto o Putin\u201d, afirmou o petista \u00e0 \u00e9poca.<\/p>\n<p style=\"text-align: justify;\">fonte: Poder 360<\/p>\n","protected":false},"excerpt":{"rendered":"<p>O ex-presidente Luiz In\u00e1cio Lula da Silva (PT) \u00e9 acusado pelo governo ucraniano de promover discurso a favor da R\u00fassia na guerra. Lula \u00e9 citado em uma lista de \u201coradores que promoveram narrativas de propaganda russa\u201d. A lista est\u00e1 publicada em um site chamado Centro de Combate \u00e0 Desinforma\u00e7\u00e3o, criado pelo governo de Zelensky no [&hellip;]<\/p>\n","protected":false},"author":2,"featured_media":172858,"comment_status":"open","ping_status":"open","sticky":false,"template":"","format":"standard","meta":{"_monsterinsights_skip_tracking":false,"_monsterinsights_sitenote_active":false,"_monsterinsights_sitenote_note":"","_monsterinsights_sitenote_category":0},"categories":[30260,7,30259],"tags":[25572,1026,480,38232,3234,37949],"aioseo_notices":[],"_links":{"self":[{"href":"https:\/\/mspontocom.com.br\/site\/wp-json\/wp\/v2\/posts\/172852"}],"collection":[{"href":"https:\/\/mspontocom.com.br\/site\/wp-json\/wp\/v2\/posts"}],"about":[{"href":"https:\/\/mspontocom.com.br\/site\/wp-json\/wp\/v2\/types\/post"}],"author":[{"embeddable":true,"href":"https:\/\/mspontocom.com.br\/site\/wp-json\/wp\/v2\/users\/2"}],"replies":[{"embeddable":true,"href":"https:\/\/mspontocom.com.br\/site\/wp-json\/wp\/v2\/comments?post=172852"}],"version-history":[{"count":3,"href":"https:\/\/mspontocom.com.br\/site\/wp-json\/wp\/v2\/posts\/172852\/revisions"}],"predecessor-version":[{"id":172873,"href":"https:\/\/mspontocom.com.br\/site\/wp-json\/wp\/v2\/posts\/172852\/revisions\/172873"}],"wp:featuredmedia":[{"embeddable":true,"href":"https:\/\/mspontocom.com.br\/site\/wp-json\/wp\/v2\/media\/172858"}],"wp:attachment":[{"href":"https:\/\/mspontocom.com.br\/site\/wp-json\/wp\/v2\/media?parent=172852"}],"wp:term":[{"taxonomy":"category","embeddable":true,"href":"https:\/\/mspontocom.com.br\/site\/wp-json\/wp\/v2\/categories?post=172852"},{"taxonomy":"post_tag","embeddable":true,"href":"https:\/\/mspontocom.com.br\/site\/wp-json\/wp\/v2\/tags?post=172852"}],"curies":[{"name":"wp","href":"https:\/\/api.w.org\/{rel}","templated":true}]}}