{"id":172883,"date":"2022-07-27T16:25:00","date_gmt":"2022-07-27T20:25:00","guid":{"rendered":"https:\/\/mspontocom.com.br\/site\/?p=172883"},"modified":"2022-07-27T16:10:48","modified_gmt":"2022-07-27T20:10:48","slug":"soltura-de-adelio-gera-temor-de-queima-de-arquivo","status":"publish","type":"post","link":"https:\/\/mspontocom.com.br\/site\/soltura-de-adelio-gera-temor-de-queima-de-arquivo\/","title":{"rendered":"Soltura de Ad\u00e9lio gera temor de \u2018queima de arquivo\u2019"},"content":{"rendered":"<p style=\"text-align: justify;\"><img loading=\"lazy\" class=\"alignnone size-medium wp-image-172884\" src=\"https:\/\/mspontocom.com.br\/site\/wp-content\/uploads\/2022\/07\/site-soltura-de-adelio-gera-temor-de-queima-de-arquivo-adelio-e1658915078139-260x131.jpeg\" alt=\"\" width=\"260\" height=\"131\" srcset=\"https:\/\/mspontocom.com.br\/site\/wp-content\/uploads\/2022\/07\/site-soltura-de-adelio-gera-temor-de-queima-de-arquivo-adelio-e1658915078139-260x131.jpeg 260w, https:\/\/mspontocom.com.br\/site\/wp-content\/uploads\/2022\/07\/site-soltura-de-adelio-gera-temor-de-queima-de-arquivo-adelio-e1658915078139-1024x516.jpeg 1024w, https:\/\/mspontocom.com.br\/site\/wp-content\/uploads\/2022\/07\/site-soltura-de-adelio-gera-temor-de-queima-de-arquivo-adelio-e1658915078139-768x387.jpeg 768w, https:\/\/mspontocom.com.br\/site\/wp-content\/uploads\/2022\/07\/site-soltura-de-adelio-gera-temor-de-queima-de-arquivo-adelio-e1658915078139.jpeg 1287w\" sizes=\"(max-width: 260px) 100vw, 260px\" \/><\/p>\n<p style=\"text-align: justify;\">Nos meios pol\u00edticos h\u00e1 quem n\u00e3o acredite em \u201ccoincid\u00eancia\u201d da poss\u00edvel soltura de <strong>Ad\u00e9lio Bispo<\/strong>, que na campanha de 2018 tentou assassinar o presidente <strong>Jair Bolsonaro. <\/strong><\/p>\n<p style=\"text-align: justify;\">A soltura ligou o alerta para a possibilidade de o criminoso ser morto como <strong>\u201cqueima de arquivo\u201d. <\/strong><\/p>\n<p style=\"text-align: justify;\">O desaparecimento do bandido protegeria eventuais mandantes da facada e, de quebra, poderia ser atribu\u00eddo a bolsonaristas.<\/p>\n<p style=\"text-align: justify;\">O cientista pol\u00edtico Paulo Kramer sugere ao governo que d\u00ea seguran\u00e7a 24h para Ad\u00e9lio. \u201c\u00c9 um \u2018arquivo\u2019\u201d, lembrou.<\/p>\n<div class=\"notas\">\n<p style=\"text-align: justify;\">Para Kramer, a situa\u00e7\u00e3o \u00e9 delicada e o poss\u00edvel assassinato de Ad\u00e9lio \u201cpode ser usado como bandeira contra o bolsonarismo\u201d nas elei\u00e7\u00f5es.<\/p>\n<p style=\"text-align: justify;\">A Pol\u00edcia Federal foi, na pr\u00e1tica, impedida de investigar como advogados milion\u00e1rios assumiram a defesa de um \u201cmaluco\u201d sem ter onde cair morto.<\/p>\n<p style=\"text-align: justify;\">O atentado tem mist\u00e9rios n\u00e3o resolvidos, como registro de presen\u00e7a de Ad\u00e9lio em Bras\u00edlia na data do crime, gra\u00e7as \u00e0 atua\u00e7\u00e3o dos advogados.<\/p>\n<p style=\"text-align: justify;\">Ad\u00e9lio Bispo pode ser solto menos de quatro anos depois do crime, cuja pena com a premedita\u00e7\u00e3o, lembram juristas, varia de 12 a 30 anos.<\/p>\n<\/div>\n<p>fonte: Andre Brito, Di\u00e1rio do Poder<\/p>\n","protected":false},"excerpt":{"rendered":"<p>Nos meios pol\u00edticos h\u00e1 quem n\u00e3o acredite em \u201ccoincid\u00eancia\u201d da poss\u00edvel soltura de Ad\u00e9lio Bispo, que na campanha de 2018 tentou assassinar o presidente Jair Bolsonaro. A soltura ligou o alerta para a possibilidade de o criminoso ser morto como \u201cqueima de arquivo\u201d. O desaparecimento do bandido protegeria eventuais mandantes da facada e, de quebra, [&hellip;]<\/p>\n","protected":false},"author":2,"featured_media":172884,"comment_status":"open","ping_status":"open","sticky":false,"template":"","format":"standard","meta":{"_monsterinsights_skip_tracking":false,"_monsterinsights_sitenote_active":false,"_monsterinsights_sitenote_note":"","_monsterinsights_sitenote_category":0},"categories":[6,30260,30259],"tags":[32376,38236,31823],"aioseo_notices":[],"_links":{"self":[{"href":"https:\/\/mspontocom.com.br\/site\/wp-json\/wp\/v2\/posts\/172883"}],"collection":[{"href":"https:\/\/mspontocom.com.br\/site\/wp-json\/wp\/v2\/posts"}],"about":[{"href":"https:\/\/mspontocom.com.br\/site\/wp-json\/wp\/v2\/types\/post"}],"author":[{"embeddable":true,"href":"https:\/\/mspontocom.com.br\/site\/wp-json\/wp\/v2\/users\/2"}],"replies":[{"embeddable":true,"href":"https:\/\/mspontocom.com.br\/site\/wp-json\/wp\/v2\/comments?post=172883"}],"version-history":[{"count":1,"href":"https:\/\/mspontocom.com.br\/site\/wp-json\/wp\/v2\/posts\/172883\/revisions"}],"predecessor-version":[{"id":172885,"href":"https:\/\/mspontocom.com.br\/site\/wp-json\/wp\/v2\/posts\/172883\/revisions\/172885"}],"wp:featuredmedia":[{"embeddable":true,"href":"https:\/\/mspontocom.com.br\/site\/wp-json\/wp\/v2\/media\/172884"}],"wp:attachment":[{"href":"https:\/\/mspontocom.com.br\/site\/wp-json\/wp\/v2\/media?parent=172883"}],"wp:term":[{"taxonomy":"category","embeddable":true,"href":"https:\/\/mspontocom.com.br\/site\/wp-json\/wp\/v2\/categories?post=172883"},{"taxonomy":"post_tag","embeddable":true,"href":"https:\/\/mspontocom.com.br\/site\/wp-json\/wp\/v2\/tags?post=172883"}],"curies":[{"name":"wp","href":"https:\/\/api.w.org\/{rel}","templated":true}]}}