{"id":172905,"date":"2022-07-28T16:25:30","date_gmt":"2022-07-28T20:25:30","guid":{"rendered":"https:\/\/mspontocom.com.br\/site\/?p=172905"},"modified":"2022-07-28T16:13:59","modified_gmt":"2022-07-28T20:13:59","slug":"ciro-diz-que-apoio-a-lula-em-eventual-2o-turno-nao-e-viavel","status":"publish","type":"post","link":"https:\/\/mspontocom.com.br\/site\/ciro-diz-que-apoio-a-lula-em-eventual-2o-turno-nao-e-viavel\/","title":{"rendered":"Ciro diz que apoio a Lula em eventual 2\u00ba turno n\u00e3o \u00e9 vi\u00e1vel"},"content":{"rendered":"<p style=\"text-align: justify;\"><img loading=\"lazy\" class=\"alignnone size-medium wp-image-172915\" src=\"https:\/\/mspontocom.com.br\/site\/wp-content\/uploads\/2022\/07\/site-ciro-diz-que-apoio-a-lula-em-eventual-2o-turno-nao-e-viavel-ciro-e1659003547150-260x143.jpg\" alt=\"\" width=\"260\" height=\"143\" srcset=\"https:\/\/mspontocom.com.br\/site\/wp-content\/uploads\/2022\/07\/site-ciro-diz-que-apoio-a-lula-em-eventual-2o-turno-nao-e-viavel-ciro-e1659003547150-260x143.jpg 260w, https:\/\/mspontocom.com.br\/site\/wp-content\/uploads\/2022\/07\/site-ciro-diz-que-apoio-a-lula-em-eventual-2o-turno-nao-e-viavel-ciro-e1659003547150-1024x562.jpg 1024w, https:\/\/mspontocom.com.br\/site\/wp-content\/uploads\/2022\/07\/site-ciro-diz-que-apoio-a-lula-em-eventual-2o-turno-nao-e-viavel-ciro-e1659003547150-768x422.jpg 768w, https:\/\/mspontocom.com.br\/site\/wp-content\/uploads\/2022\/07\/site-ciro-diz-que-apoio-a-lula-em-eventual-2o-turno-nao-e-viavel-ciro-e1659003547150.jpg 1053w\" sizes=\"(max-width: 260px) 100vw, 260px\" \/><\/p>\n<p style=\"text-align: justify;\">O pr\u00e9-candidato \u00e0 Presid\u00eancia pelo PDT, <strong>Ciro Gomes<\/strong> afirmou que aceitaria apoio do ex-presidente <b>Lula <\/b>(PT) caso v\u00e1 para o segundo turno contra o presidente<strong> Jair Bolsonaro. <\/strong><\/p>\n<p style=\"text-align: justify;\">Por outro lado, ele declarou que n\u00e3o vai se aliar ao petista se ficar de fora da segunda etapa da corrida eleitoral deste ano.<\/p>\n<p style=\"text-align: justify;\">\u201cSe eu for para o segundo turno com o Bolsonaro, claro que eu quero o apoio do Lula. O contr\u00e1rio (apoiar Lula),<strong> n\u00e3o \u00e9 mais vi\u00e1vel.<\/strong> Como eu dizendo que eles s\u00e3o corruptos, incompetentes, vou subir no palanque com eles? Passa a ser cumplicidade. Lula \u00e9 respons\u00e1vel maior pela trag\u00e9dia que est\u00e1 acontecendo no Pa\u00eds\u201d, disse o presidenci\u00e1vel em entrevista ao Central das Elei\u00e7\u00f5es, da GloboNews.<\/p>\n<p style=\"text-align: justify;\">Em 2018, quando n\u00e3o chegou ao segundo turno, Ciro evitou declarar apoio ao ent\u00e3o candidato do PT, Fernando Haddad, que disputou a etapa final da elei\u00e7\u00e3o com Jair Bolsonaro.<\/p>\n","protected":false},"excerpt":{"rendered":"<p>O pr\u00e9-candidato \u00e0 Presid\u00eancia pelo PDT, Ciro Gomes afirmou que aceitaria apoio do ex-presidente Lula (PT) caso v\u00e1 para o segundo turno contra o presidente Jair Bolsonaro. Por outro lado, ele declarou que n\u00e3o vai se aliar ao petista se ficar de fora da segunda etapa da corrida eleitoral deste ano. \u201cSe eu for para [&hellip;]<\/p>\n","protected":false},"author":2,"featured_media":172915,"comment_status":"open","ping_status":"open","sticky":false,"template":"","format":"standard","meta":{"_monsterinsights_skip_tracking":false,"_monsterinsights_sitenote_active":false,"_monsterinsights_sitenote_note":"","_monsterinsights_sitenote_category":0},"categories":[30260,30259,12],"tags":[3546,33128,38241,480],"aioseo_notices":[],"_links":{"self":[{"href":"https:\/\/mspontocom.com.br\/site\/wp-json\/wp\/v2\/posts\/172905"}],"collection":[{"href":"https:\/\/mspontocom.com.br\/site\/wp-json\/wp\/v2\/posts"}],"about":[{"href":"https:\/\/mspontocom.com.br\/site\/wp-json\/wp\/v2\/types\/post"}],"author":[{"embeddable":true,"href":"https:\/\/mspontocom.com.br\/site\/wp-json\/wp\/v2\/users\/2"}],"replies":[{"embeddable":true,"href":"https:\/\/mspontocom.com.br\/site\/wp-json\/wp\/v2\/comments?post=172905"}],"version-history":[{"count":2,"href":"https:\/\/mspontocom.com.br\/site\/wp-json\/wp\/v2\/posts\/172905\/revisions"}],"predecessor-version":[{"id":172916,"href":"https:\/\/mspontocom.com.br\/site\/wp-json\/wp\/v2\/posts\/172905\/revisions\/172916"}],"wp:featuredmedia":[{"embeddable":true,"href":"https:\/\/mspontocom.com.br\/site\/wp-json\/wp\/v2\/media\/172915"}],"wp:attachment":[{"href":"https:\/\/mspontocom.com.br\/site\/wp-json\/wp\/v2\/media?parent=172905"}],"wp:term":[{"taxonomy":"category","embeddable":true,"href":"https:\/\/mspontocom.com.br\/site\/wp-json\/wp\/v2\/categories?post=172905"},{"taxonomy":"post_tag","embeddable":true,"href":"https:\/\/mspontocom.com.br\/site\/wp-json\/wp\/v2\/tags?post=172905"}],"curies":[{"name":"wp","href":"https:\/\/api.w.org\/{rel}","templated":true}]}}