{"id":172907,"date":"2022-07-28T06:14:56","date_gmt":"2022-07-28T10:14:56","guid":{"rendered":"https:\/\/mspontocom.com.br\/site\/?p=172907"},"modified":"2022-07-28T06:14:56","modified_gmt":"2022-07-28T10:14:56","slug":"nao-precisamos-de-cartinha-para-defender-democracia-diz-bolsonaro","status":"publish","type":"post","link":"https:\/\/mspontocom.com.br\/site\/nao-precisamos-de-cartinha-para-defender-democracia-diz-bolsonaro\/","title":{"rendered":"N\u00e3o precisamos de cartinha para defender democracia, diz Bolsonaro"},"content":{"rendered":"<p style=\"text-align: justify;\"><img loading=\"lazy\" class=\"alignnone size-medium wp-image-172913\" src=\"https:\/\/mspontocom.com.br\/site\/wp-content\/uploads\/2022\/07\/site-nao-precisamos-de-cartinha-para-defender-democracia-diz-bolsonaro-carta-do-papai-noel-superfacil-e1659003132277-260x150.webp\" alt=\"\" width=\"260\" height=\"150\" srcset=\"https:\/\/mspontocom.com.br\/site\/wp-content\/uploads\/2022\/07\/site-nao-precisamos-de-cartinha-para-defender-democracia-diz-bolsonaro-carta-do-papai-noel-superfacil-e1659003132277-260x150.webp 260w, https:\/\/mspontocom.com.br\/site\/wp-content\/uploads\/2022\/07\/site-nao-precisamos-de-cartinha-para-defender-democracia-diz-bolsonaro-carta-do-papai-noel-superfacil-e1659003132277-768x443.webp 768w, https:\/\/mspontocom.com.br\/site\/wp-content\/uploads\/2022\/07\/site-nao-precisamos-de-cartinha-para-defender-democracia-diz-bolsonaro-carta-do-papai-noel-superfacil-e1659003132277.webp 964w\" sizes=\"(max-width: 260px) 100vw, 260px\" \/><\/p>\n<p style=\"text-align: justify;\">O presidente <strong>Jair Bolsonaro<\/strong>\u00a0 disse nesta 4\u00aa feira que n\u00e3o precisa de cartilha para demonstrar sua defesa \u00e0 democracia e seu cumprimento \u00e0s regras constitucionais, durante a conven\u00e7\u00e3o do PP (Partido Progressista).<\/p>\n<p style=\"text-align: justify;\">\u201cN\u00e3o precisamos de nenhuma cartilha para falar que defendemos nossa democracia, para falar que cumprimos a Constitui\u00e7\u00e3o, n\u00e3o precisamos de apoio ou sinaliza\u00e7\u00e3o de quem quer que seja para mostrar que nosso caminho \u00e9 a democracia, a liberdade, o respeito \u00e0 Constitui\u00e7\u00e3o\u201d, disse Bolsonaro.<\/p>\n<p style=\"text-align: justify;\">Banqueiros e empres\u00e1rios assinaram um manifesto em\u00a0 suposta defesa da democracia organizado pela Faculdade de Direito da USP (Universidade de S\u00e3o Paulo).<\/p>\n","protected":false},"excerpt":{"rendered":"<p>O presidente Jair Bolsonaro\u00a0 disse nesta 4\u00aa feira que n\u00e3o precisa de cartilha para demonstrar sua defesa \u00e0 democracia e seu cumprimento \u00e0s regras constitucionais, durante a conven\u00e7\u00e3o do PP (Partido Progressista). \u201cN\u00e3o precisamos de nenhuma cartilha para falar que defendemos nossa democracia, para falar que cumprimos a Constitui\u00e7\u00e3o, n\u00e3o precisamos de apoio ou sinaliza\u00e7\u00e3o [&hellip;]<\/p>\n","protected":false},"author":2,"featured_media":172913,"comment_status":"open","ping_status":"open","sticky":false,"template":"","format":"standard","meta":{"_monsterinsights_skip_tracking":false,"_monsterinsights_sitenote_active":false,"_monsterinsights_sitenote_note":"","_monsterinsights_sitenote_category":0},"categories":[6,30260,30259],"tags":[21017,30420,129],"aioseo_notices":[],"_links":{"self":[{"href":"https:\/\/mspontocom.com.br\/site\/wp-json\/wp\/v2\/posts\/172907"}],"collection":[{"href":"https:\/\/mspontocom.com.br\/site\/wp-json\/wp\/v2\/posts"}],"about":[{"href":"https:\/\/mspontocom.com.br\/site\/wp-json\/wp\/v2\/types\/post"}],"author":[{"embeddable":true,"href":"https:\/\/mspontocom.com.br\/site\/wp-json\/wp\/v2\/users\/2"}],"replies":[{"embeddable":true,"href":"https:\/\/mspontocom.com.br\/site\/wp-json\/wp\/v2\/comments?post=172907"}],"version-history":[{"count":2,"href":"https:\/\/mspontocom.com.br\/site\/wp-json\/wp\/v2\/posts\/172907\/revisions"}],"predecessor-version":[{"id":172914,"href":"https:\/\/mspontocom.com.br\/site\/wp-json\/wp\/v2\/posts\/172907\/revisions\/172914"}],"wp:featuredmedia":[{"embeddable":true,"href":"https:\/\/mspontocom.com.br\/site\/wp-json\/wp\/v2\/media\/172913"}],"wp:attachment":[{"href":"https:\/\/mspontocom.com.br\/site\/wp-json\/wp\/v2\/media?parent=172907"}],"wp:term":[{"taxonomy":"category","embeddable":true,"href":"https:\/\/mspontocom.com.br\/site\/wp-json\/wp\/v2\/categories?post=172907"},{"taxonomy":"post_tag","embeddable":true,"href":"https:\/\/mspontocom.com.br\/site\/wp-json\/wp\/v2\/tags?post=172907"}],"curies":[{"name":"wp","href":"https:\/\/api.w.org\/{rel}","templated":true}]}}