{"id":172909,"date":"2022-07-28T13:37:51","date_gmt":"2022-07-28T17:37:51","guid":{"rendered":"https:\/\/mspontocom.com.br\/site\/?p=172909"},"modified":"2022-07-28T13:20:42","modified_gmt":"2022-07-28T17:20:42","slug":"bolsonaro-nao-foi-expulso-do-exercito-como-disse-fakenews-de-lula","status":"publish","type":"post","link":"https:\/\/mspontocom.com.br\/site\/bolsonaro-nao-foi-expulso-do-exercito-como-disse-fakenews-de-lula\/","title":{"rendered":"Bolsonaro n\u00e3o foi expulso do Ex\u00e9rcito, como disse fakenews de Lula"},"content":{"rendered":"<p style=\"text-align: justify;\"><img loading=\"lazy\" class=\"alignnone size-medium wp-image-172917\" src=\"https:\/\/mspontocom.com.br\/site\/wp-content\/uploads\/2022\/07\/site-bolsonaro-nao-foi-expulso-do-exercito-como-disse-faken-lula-pino1-e1659003909970-260x181.jpg\" alt=\"\" width=\"260\" height=\"181\" srcset=\"https:\/\/mspontocom.com.br\/site\/wp-content\/uploads\/2022\/07\/site-bolsonaro-nao-foi-expulso-do-exercito-como-disse-faken-lula-pino1-e1659003909970-260x181.jpg 260w, https:\/\/mspontocom.com.br\/site\/wp-content\/uploads\/2022\/07\/site-bolsonaro-nao-foi-expulso-do-exercito-como-disse-faken-lula-pino1-e1659003909970-768x536.jpg 768w, https:\/\/mspontocom.com.br\/site\/wp-content\/uploads\/2022\/07\/site-bolsonaro-nao-foi-expulso-do-exercito-como-disse-faken-lula-pino1-e1659003909970.jpg 780w\" sizes=\"(max-width: 260px) 100vw, 260px\" \/><\/p>\n<p style=\"text-align: justify;\">\u00c9 falso que o presidente <strong>Jair Bolsonaro<\/strong> (PL) tenha sido expulso do Ex\u00e9rcito por m\u00e1 conduta, como disse\u00a0 o pr\u00e9-candidato pelo PT \u00e0 Presid\u00eancia da Rep\u00fablica,<strong> Luiz In\u00e1cio Lula da Silva<\/strong> (PT), em entrevista ao UOL.<\/p>\n<p style=\"text-align: justify;\">Apesar de o ent\u00e3o capit\u00e3o do Ex\u00e9rcito ter, de fato, descumprido v\u00e1rios itens do regulamento ele foi <strong>absolvido<\/strong> das acusa\u00e7\u00f5es e <strong>nunca foi expulso das For\u00e7as Armadas.<\/strong><\/p>\n<p style=\"text-align: justify;\">N\u00e3o \u00e9 a primeira vez que o ex-presidente diz que Bolsonaro foi expulso do Ex\u00e9rcito.<\/p>\n<p style=\"text-align: justify;\">Em declara\u00e7\u00e3o no m\u00eas passado em ato p\u00fablico com militantes no Centro de Conven\u00e7\u00f5es de Sergipe, Lula afirmou:<\/p>\n<p style=\"text-align: justify;\">&#8220;Eu fico triste quando vejo as For\u00e7as Armadas batendo contin\u00eancia para um cara que foi expulso do Ex\u00e9rcito por mau comportamento&#8221;.<\/p>\n<p style=\"text-align: justify;\">O seu afastamento do Ex\u00e9rcito aconteceu em 1987 \u2014n\u00e3o como forma de expuls\u00e3o, mas sim com a finalidade de se candidatar a vereador pela cidade do Rio de Janeiro.<\/p>\n","protected":false},"excerpt":{"rendered":"<p>\u00c9 falso que o presidente Jair Bolsonaro (PL) tenha sido expulso do Ex\u00e9rcito por m\u00e1 conduta, como disse\u00a0 o pr\u00e9-candidato pelo PT \u00e0 Presid\u00eancia da Rep\u00fablica, Luiz In\u00e1cio Lula da Silva (PT), em entrevista ao UOL. Apesar de o ent\u00e3o capit\u00e3o do Ex\u00e9rcito ter, de fato, descumprido v\u00e1rios itens do regulamento ele foi absolvido das [&hellip;]<\/p>\n","protected":false},"author":2,"featured_media":172917,"comment_status":"open","ping_status":"open","sticky":false,"template":"","format":"standard","meta":{"_monsterinsights_skip_tracking":false,"_monsterinsights_sitenote_active":false,"_monsterinsights_sitenote_note":"","_monsterinsights_sitenote_category":0},"categories":[6,30260,30259],"tags":[21017,38242,38243,480],"aioseo_notices":[],"_links":{"self":[{"href":"https:\/\/mspontocom.com.br\/site\/wp-json\/wp\/v2\/posts\/172909"}],"collection":[{"href":"https:\/\/mspontocom.com.br\/site\/wp-json\/wp\/v2\/posts"}],"about":[{"href":"https:\/\/mspontocom.com.br\/site\/wp-json\/wp\/v2\/types\/post"}],"author":[{"embeddable":true,"href":"https:\/\/mspontocom.com.br\/site\/wp-json\/wp\/v2\/users\/2"}],"replies":[{"embeddable":true,"href":"https:\/\/mspontocom.com.br\/site\/wp-json\/wp\/v2\/comments?post=172909"}],"version-history":[{"count":2,"href":"https:\/\/mspontocom.com.br\/site\/wp-json\/wp\/v2\/posts\/172909\/revisions"}],"predecessor-version":[{"id":172918,"href":"https:\/\/mspontocom.com.br\/site\/wp-json\/wp\/v2\/posts\/172909\/revisions\/172918"}],"wp:featuredmedia":[{"embeddable":true,"href":"https:\/\/mspontocom.com.br\/site\/wp-json\/wp\/v2\/media\/172917"}],"wp:attachment":[{"href":"https:\/\/mspontocom.com.br\/site\/wp-json\/wp\/v2\/media?parent=172909"}],"wp:term":[{"taxonomy":"category","embeddable":true,"href":"https:\/\/mspontocom.com.br\/site\/wp-json\/wp\/v2\/categories?post=172909"},{"taxonomy":"post_tag","embeddable":true,"href":"https:\/\/mspontocom.com.br\/site\/wp-json\/wp\/v2\/tags?post=172909"}],"curies":[{"name":"wp","href":"https:\/\/api.w.org\/{rel}","templated":true}]}}