{"id":172919,"date":"2022-07-28T13:26:55","date_gmt":"2022-07-28T17:26:55","guid":{"rendered":"https:\/\/mspontocom.com.br\/site\/?p=172919"},"modified":"2022-07-28T13:18:54","modified_gmt":"2022-07-28T17:18:54","slug":"fachin-se-esforca-para-mostrar-que-escolheu-um-lado-politico-j-r-guzzo","status":"publish","type":"post","link":"https:\/\/mspontocom.com.br\/site\/fachin-se-esforca-para-mostrar-que-escolheu-um-lado-politico-j-r-guzzo\/","title":{"rendered":"Fachin se esfor\u00e7a para mostrar que escolheu um lado pol\u00edtico: J.R.Guzzo"},"content":{"rendered":"<p><strong><img loading=\"lazy\" class=\"alignnone size-medium wp-image-172921\" src=\"https:\/\/mspontocom.com.br\/site\/wp-content\/uploads\/2022\/07\/site-fachin-se-esforca-para-mostrar-que-escolheu-um-lado-politico-j-r-guzzo-fachin-260x136.jpg\" alt=\"\" width=\"260\" height=\"136\" srcset=\"https:\/\/mspontocom.com.br\/site\/wp-content\/uploads\/2022\/07\/site-fachin-se-esforca-para-mostrar-que-escolheu-um-lado-politico-j-r-guzzo-fachin-260x136.jpg 260w, https:\/\/mspontocom.com.br\/site\/wp-content\/uploads\/2022\/07\/site-fachin-se-esforca-para-mostrar-que-escolheu-um-lado-politico-j-r-guzzo-fachin-768x403.jpg 768w, https:\/\/mspontocom.com.br\/site\/wp-content\/uploads\/2022\/07\/site-fachin-se-esforca-para-mostrar-que-escolheu-um-lado-politico-j-r-guzzo-fachin.jpg 953w\" sizes=\"(max-width: 260px) 100vw, 260px\" \/><\/strong><\/p>\n<p><strong>(<em>J.R. Guzzo<\/em>, publicado no jornal\u00a0<em>O Estado de S. Paulo<\/em>\u00a0em 27 de julho de 2022)<\/strong><\/p>\n<p style=\"text-align: justify;\">O ministro Edson Fachin, do STF, ocupa neste momento o cargo de presidente do TSE, o servi\u00e7o que controla as elei\u00e7\u00f5es e a contagem de votos no Brasil \u2014 uma fun\u00e7\u00e3o que exige a mais \u00f3bvia imparcialidade por parte de quem a exerce, sobretudo em momentos, como hoje, em que h\u00e1 uma discuss\u00e3o p\u00fablica e esquentada sobre a seguran\u00e7a do sistema eleitoral brasileiro.<\/p>\n<p style=\"text-align: justify;\">N\u00e3o \u00e9 suficiente, a\u00ed, a conduta correta: os eleitores ter\u00e3o de acreditar, com 100% de certeza, que ela \u00e9 realmente correta, e que os \u00e1rbitros do jogo n\u00e3o favorecem, nem hostilizam, nenhum dos lados que est\u00e3o em campo.<\/p>\n<p style=\"text-align: justify;\">Eis a\u00ed o come\u00e7o, o meio e o fim do problema que existe com o ministro Fachin: ele faz, com os seus atos de fun\u00e7\u00e3o, o maior esfor\u00e7o poss\u00edvel para dar a impress\u00e3o de que n\u00e3o \u00e9 imparcial.<\/p>\n<p style=\"text-align: justify;\">Fachin foi advogado do MST, uma organiza\u00e7\u00e3o extremista de esquerda que defende abertamente a pr\u00e1tica de crimes \u2014 invas\u00e3o de propriedade, viol\u00eancia f\u00edsica contra pessoas, destrui\u00e7\u00e3o de bens e outros tantos.<\/p>\n<p style=\"text-align: justify;\">Foi militante da campanha eleitoral de Dilma Rousseff, de quem recebeu sua cadeira no STF.<\/p>\n<p style=\"text-align: justify;\">Tomou uma das mais extravagantes decis\u00f5es da hist\u00f3ria da Justi\u00e7a brasileira \u2014 ao anular, sem nenhuma men\u00e7\u00e3o a provas ou \u00e0 culpa do r\u00e9u, as quatro a\u00e7\u00f5es penais contra o ex-presidente Lula, inclusive a sua condena\u00e7\u00e3o pelos crimes de corrup\u00e7\u00e3o e lavagem de dinheiro, em tr\u00eas inst\u00e2ncias e por nove magistrados diferentes.<\/p>\n<p style=\"text-align: justify;\">Foi essa decis\u00e3o, e unicamente ela, que tornou poss\u00edvel a candidatura de Lula nestas elei\u00e7\u00f5es.<\/p>\n<p style=\"text-align: justify;\">Com uma folha dessas, na verdade, Fachin deveria estar fazendo um duplo esfor\u00e7o par mostrar ao p\u00fablico que as suas inclina\u00e7\u00f5es pol\u00edticas n\u00e3o ter\u00e3o nada a ver com a sua atua\u00e7\u00e3o nas elei\u00e7\u00f5es de outubro pr\u00f3ximo.<\/p>\n<p style=\"text-align: justify;\">Mas ele est\u00e1 fazendo o exato contr\u00e1rio disso. Faz um duplo esfor\u00e7o, sim \u2014 s\u00f3 que esse esfor\u00e7o \u00e9 para levar as pessoas a acreditarem que est\u00e1 apoiando Lula. Seu \u00faltimo manifesto de campanha foi receber em seu gabinete<strong><a href=\"https:\/\/revistaoeste.com\/politica\/fachin-se-reune-com-membros-do-prerrogativas-grupo-de-advogados-pro-lula\/\">\u00a0membros do grupo de advogados \u201cPrerrogativas\u201d<\/a><\/strong>, que milita ativamente a favor da candidatura do ex-presidente, com declara\u00e7\u00f5es p\u00fablicas e dinheiro; j\u00e1 fizeram festa para ele, e um dos seus integrantes mais destacados \u00e9 o autor da doutrina segundo a qual n\u00e3o vale a pena punir crimes que \u201cj\u00e1 foram\u201d cometidos. Ele se referia, ao enunciar esse princ\u00edpio, aos crimes de Lula.<\/p>\n<p style=\"text-align: justify;\">O ministro, na fala que fez a receber os advogados, disse que o<strong><a href=\"https:\/\/www.tse.jus.br\/\">\u00a0TSE<\/a>\u00a0<\/strong>n\u00e3o vai tolerar o \u201cnegacionismo eleitoral\u201d; como o \u00fanico negacionista que h\u00e1 no Brasil, segundo a prega\u00e7\u00e3o maci\u00e7a dos seus advers\u00e1rios, \u00e9 o presidente da Rep\u00fablica, ficou claro de que lado est\u00e1 o chefe atual do TSE na campanha pela presid\u00eancia.<\/p>\n<p style=\"text-align: justify;\">Fachin disse que n\u00e3o se abala diante das \u201camea\u00e7as e intimida\u00e7\u00f5es\u201d e declarou ser um \u201cjuiz\u201d.<\/p>\n<p style=\"text-align: justify;\">Ju\u00edzes de verdade n\u00e3o participam de com\u00edcios como a visita do grupo de advogados; s\u00f3 falam nos autos, e n\u00e3o se re\u00fanem com uma das partes da causa que est\u00e1 sob a sua aprecia\u00e7\u00e3o judicial. \u00c9 o oposto do que o ministro est\u00e1 fazendo.<\/p>\n","protected":false},"excerpt":{"rendered":"<p>(J.R. Guzzo, publicado no jornal\u00a0O Estado de S. Paulo\u00a0em 27 de julho de 2022) O ministro Edson Fachin, do STF, ocupa neste momento o cargo de presidente do TSE, o servi\u00e7o que controla as elei\u00e7\u00f5es e a contagem de votos no Brasil \u2014 uma fun\u00e7\u00e3o que exige a mais \u00f3bvia imparcialidade por parte de quem [&hellip;]<\/p>\n","protected":false},"author":2,"featured_media":172921,"comment_status":"open","ping_status":"open","sticky":false,"template":"","format":"standard","meta":{"_monsterinsights_skip_tracking":false,"_monsterinsights_sitenote_active":false,"_monsterinsights_sitenote_note":"","_monsterinsights_sitenote_category":0},"categories":[12],"tags":[28587,12727,533,3014,3338],"aioseo_notices":[],"_links":{"self":[{"href":"https:\/\/mspontocom.com.br\/site\/wp-json\/wp\/v2\/posts\/172919"}],"collection":[{"href":"https:\/\/mspontocom.com.br\/site\/wp-json\/wp\/v2\/posts"}],"about":[{"href":"https:\/\/mspontocom.com.br\/site\/wp-json\/wp\/v2\/types\/post"}],"author":[{"embeddable":true,"href":"https:\/\/mspontocom.com.br\/site\/wp-json\/wp\/v2\/users\/2"}],"replies":[{"embeddable":true,"href":"https:\/\/mspontocom.com.br\/site\/wp-json\/wp\/v2\/comments?post=172919"}],"version-history":[{"count":2,"href":"https:\/\/mspontocom.com.br\/site\/wp-json\/wp\/v2\/posts\/172919\/revisions"}],"predecessor-version":[{"id":172922,"href":"https:\/\/mspontocom.com.br\/site\/wp-json\/wp\/v2\/posts\/172919\/revisions\/172922"}],"wp:featuredmedia":[{"embeddable":true,"href":"https:\/\/mspontocom.com.br\/site\/wp-json\/wp\/v2\/media\/172921"}],"wp:attachment":[{"href":"https:\/\/mspontocom.com.br\/site\/wp-json\/wp\/v2\/media?parent=172919"}],"wp:term":[{"taxonomy":"category","embeddable":true,"href":"https:\/\/mspontocom.com.br\/site\/wp-json\/wp\/v2\/categories?post=172919"},{"taxonomy":"post_tag","embeddable":true,"href":"https:\/\/mspontocom.com.br\/site\/wp-json\/wp\/v2\/tags?post=172919"}],"curies":[{"name":"wp","href":"https:\/\/api.w.org\/{rel}","templated":true}]}}