{"id":172942,"date":"2022-07-29T05:58:57","date_gmt":"2022-07-29T09:58:57","guid":{"rendered":"https:\/\/mspontocom.com.br\/site\/?p=172942"},"modified":"2022-07-29T05:58:57","modified_gmt":"2022-07-29T09:58:57","slug":"cni-nao-assinara-manifesto-da-fiesp-dialogamos-com-todos-os-politicos","status":"publish","type":"post","link":"https:\/\/mspontocom.com.br\/site\/cni-nao-assinara-manifesto-da-fiesp-dialogamos-com-todos-os-politicos\/","title":{"rendered":"CNI n\u00e3o assinar\u00e1 manifesto da Fiesp: &#8216;Dialogamos com todos os pol\u00edticos&#8217;"},"content":{"rendered":"<p style=\"text-align: justify;\"><img loading=\"lazy\" class=\"alignnone size-medium wp-image-172951\" src=\"https:\/\/mspontocom.com.br\/site\/wp-content\/uploads\/2022\/07\/site-cni-nao-assinara-manifesto-da-fiesp-dialogamos-com-todos-os-politicos-cni-260x174.webp\" alt=\"\" width=\"260\" height=\"174\" srcset=\"https:\/\/mspontocom.com.br\/site\/wp-content\/uploads\/2022\/07\/site-cni-nao-assinara-manifesto-da-fiesp-dialogamos-com-todos-os-politicos-cni-260x174.webp 260w, https:\/\/mspontocom.com.br\/site\/wp-content\/uploads\/2022\/07\/site-cni-nao-assinara-manifesto-da-fiesp-dialogamos-com-todos-os-politicos-cni-768x513.webp 768w, https:\/\/mspontocom.com.br\/site\/wp-content\/uploads\/2022\/07\/site-cni-nao-assinara-manifesto-da-fiesp-dialogamos-com-todos-os-politicos-cni.webp 1024w\" sizes=\"(max-width: 260px) 100vw, 260px\" \/><\/p>\n<p style=\"text-align: justify;\">A <strong>CNI<\/strong> (Confedera\u00e7\u00e3o Nacional da Ind\u00fastria) afirmou\u00a0 que dialoga com integrantes de todas as colora\u00e7\u00f5es partid\u00e1rias e n\u00e3o assinar\u00e1 um manifesto de defesa ao sistema eleitoral brasileiro elaborado pela <strong>Fiesp<\/strong> (Federa\u00e7\u00e3o das Ind\u00fastrias do Estado de S\u00e3o Paulo).<\/p>\n<p style=\"text-align: justify;\">Com a absten\u00e7\u00e3o, a entidade tem o objetivo de manter a neutralidade e evitar se posicionar politicamente.<\/p>\n<p style=\"text-align: justify;\">O texto da Fiesp ser\u00e1 publicado em jornais de circula\u00e7\u00e3o nacional em 11 de agosto.<\/p>\n<p style=\"text-align: justify;\">A manifesta\u00e7\u00e3o da CNI ocorre ap\u00f3s a publica\u00e7\u00e3o de outro ato, capitaneado por integrantes da Faculdade de Direito da <strong>USP.\u00a0<\/strong><\/p>\n<p style=\"text-align: justify;\">Por meio de seu perfil no Twitter, o presidente <strong>Jair Bolsonaro<\/strong> (PL) ironizou hoje o conte\u00fado da carta elaborada pelos juristas da USP.<\/p>\n","protected":false},"excerpt":{"rendered":"<p>A CNI (Confedera\u00e7\u00e3o Nacional da Ind\u00fastria) afirmou\u00a0 que dialoga com integrantes de todas as colora\u00e7\u00f5es partid\u00e1rias e n\u00e3o assinar\u00e1 um manifesto de defesa ao sistema eleitoral brasileiro elaborado pela Fiesp (Federa\u00e7\u00e3o das Ind\u00fastrias do Estado de S\u00e3o Paulo). Com a absten\u00e7\u00e3o, a entidade tem o objetivo de manter a neutralidade e evitar se posicionar politicamente. [&hellip;]<\/p>\n","protected":false},"author":2,"featured_media":172951,"comment_status":"open","ping_status":"open","sticky":false,"template":"","format":"standard","meta":{"_monsterinsights_skip_tracking":false,"_monsterinsights_sitenote_active":false,"_monsterinsights_sitenote_note":"","_monsterinsights_sitenote_category":0},"categories":[30260,30259,12],"tags":[23954,3937,11460,38247],"aioseo_notices":[],"_links":{"self":[{"href":"https:\/\/mspontocom.com.br\/site\/wp-json\/wp\/v2\/posts\/172942"}],"collection":[{"href":"https:\/\/mspontocom.com.br\/site\/wp-json\/wp\/v2\/posts"}],"about":[{"href":"https:\/\/mspontocom.com.br\/site\/wp-json\/wp\/v2\/types\/post"}],"author":[{"embeddable":true,"href":"https:\/\/mspontocom.com.br\/site\/wp-json\/wp\/v2\/users\/2"}],"replies":[{"embeddable":true,"href":"https:\/\/mspontocom.com.br\/site\/wp-json\/wp\/v2\/comments?post=172942"}],"version-history":[{"count":2,"href":"https:\/\/mspontocom.com.br\/site\/wp-json\/wp\/v2\/posts\/172942\/revisions"}],"predecessor-version":[{"id":172952,"href":"https:\/\/mspontocom.com.br\/site\/wp-json\/wp\/v2\/posts\/172942\/revisions\/172952"}],"wp:featuredmedia":[{"embeddable":true,"href":"https:\/\/mspontocom.com.br\/site\/wp-json\/wp\/v2\/media\/172951"}],"wp:attachment":[{"href":"https:\/\/mspontocom.com.br\/site\/wp-json\/wp\/v2\/media?parent=172942"}],"wp:term":[{"taxonomy":"category","embeddable":true,"href":"https:\/\/mspontocom.com.br\/site\/wp-json\/wp\/v2\/categories?post=172942"},{"taxonomy":"post_tag","embeddable":true,"href":"https:\/\/mspontocom.com.br\/site\/wp-json\/wp\/v2\/tags?post=172942"}],"curies":[{"name":"wp","href":"https:\/\/api.w.org\/{rel}","templated":true}]}}