{"id":172949,"date":"2022-07-29T14:14:10","date_gmt":"2022-07-29T18:14:10","guid":{"rendered":"https:\/\/mspontocom.com.br\/site\/?p=172949"},"modified":"2022-07-29T14:10:35","modified_gmt":"2022-07-29T18:10:35","slug":"em-contrapartida-a-carta-da-usp-empresarios-acertam-jantar-com-bolsonaro","status":"publish","type":"post","link":"https:\/\/mspontocom.com.br\/site\/em-contrapartida-a-carta-da-usp-empresarios-acertam-jantar-com-bolsonaro\/","title":{"rendered":"Em contrapartida \u00e0 carta da USP, empres\u00e1rios acertam jantar com Bolsonaro"},"content":{"rendered":"<p style=\"text-align: justify;\"><img loading=\"lazy\" class=\"alignnone size-medium wp-image-172957\" src=\"https:\/\/mspontocom.com.br\/site\/wp-content\/uploads\/2022\/07\/site-em-contrapartida-da-carta-da-usp-empresarios-acertam-jantar-com-bolsonaro-bolsonaro-vacina-260x145.jpg\" alt=\"\" width=\"260\" height=\"145\" srcset=\"https:\/\/mspontocom.com.br\/site\/wp-content\/uploads\/2022\/07\/site-em-contrapartida-da-carta-da-usp-empresarios-acertam-jantar-com-bolsonaro-bolsonaro-vacina-260x145.jpg 260w, https:\/\/mspontocom.com.br\/site\/wp-content\/uploads\/2022\/07\/site-em-contrapartida-da-carta-da-usp-empresarios-acertam-jantar-com-bolsonaro-bolsonaro-vacina-768x427.jpg 768w, https:\/\/mspontocom.com.br\/site\/wp-content\/uploads\/2022\/07\/site-em-contrapartida-da-carta-da-usp-empresarios-acertam-jantar-com-bolsonaro-bolsonaro-vacina.jpg 800w\" sizes=\"(max-width: 260px) 100vw, 260px\" \/><\/p>\n<p style=\"text-align: justify;\">O presidente <strong>Jair Bolsonaro<\/strong> vai jantar com empres\u00e1rios em S\u00e3o Paulo no mesmo dia em que a carta assinada por banqueiros ser\u00e1 lan\u00e7ada na<strong> Faculdade de Direito da USP.<\/strong><\/p>\n<p style=\"text-align: justify;\">O jantar ser\u00e1 organizado pelo<strong> grupo Esfera Brasil<\/strong>, coordenado pelo empres\u00e1rio Jo\u00e3o Camargo.<\/p>\n<p style=\"text-align: justify;\">O grupo tem liderado encontros da iniciativa privada com pol\u00edticos de diferentes partidos.<\/p>\n<p style=\"text-align: justify;\">Entre os nomes que costumam ser convidados por Jo\u00e3o Camargo para as reuni\u00f5es com pol\u00edticos est\u00e3o Ab\u00edlio Diniz (Pen\u00ednsula Participa\u00e7\u00f5es) e Fl\u00e1vio Rocha (Riachuelo).<\/p>\n<p style=\"text-align: justify;\">O Esfera Brasil se define como uma organiza\u00e7\u00e3o apartid\u00e1ria, aberta a receber candidatos de todos os partidos.<\/p>\n","protected":false},"excerpt":{"rendered":"<p>O presidente Jair Bolsonaro vai jantar com empres\u00e1rios em S\u00e3o Paulo no mesmo dia em que a carta assinada por banqueiros ser\u00e1 lan\u00e7ada na Faculdade de Direito da USP. O jantar ser\u00e1 organizado pelo grupo Esfera Brasil, coordenado pelo empres\u00e1rio Jo\u00e3o Camargo. O grupo tem liderado encontros da iniciativa privada com pol\u00edticos de diferentes partidos. [&hellip;]<\/p>\n","protected":false},"author":2,"featured_media":172957,"comment_status":"open","ping_status":"open","sticky":false,"template":"","format":"standard","meta":{"_monsterinsights_skip_tracking":false,"_monsterinsights_sitenote_active":false,"_monsterinsights_sitenote_note":"","_monsterinsights_sitenote_category":0},"categories":[6],"tags":[],"aioseo_notices":[],"_links":{"self":[{"href":"https:\/\/mspontocom.com.br\/site\/wp-json\/wp\/v2\/posts\/172949"}],"collection":[{"href":"https:\/\/mspontocom.com.br\/site\/wp-json\/wp\/v2\/posts"}],"about":[{"href":"https:\/\/mspontocom.com.br\/site\/wp-json\/wp\/v2\/types\/post"}],"author":[{"embeddable":true,"href":"https:\/\/mspontocom.com.br\/site\/wp-json\/wp\/v2\/users\/2"}],"replies":[{"embeddable":true,"href":"https:\/\/mspontocom.com.br\/site\/wp-json\/wp\/v2\/comments?post=172949"}],"version-history":[{"count":2,"href":"https:\/\/mspontocom.com.br\/site\/wp-json\/wp\/v2\/posts\/172949\/revisions"}],"predecessor-version":[{"id":172958,"href":"https:\/\/mspontocom.com.br\/site\/wp-json\/wp\/v2\/posts\/172949\/revisions\/172958"}],"wp:featuredmedia":[{"embeddable":true,"href":"https:\/\/mspontocom.com.br\/site\/wp-json\/wp\/v2\/media\/172957"}],"wp:attachment":[{"href":"https:\/\/mspontocom.com.br\/site\/wp-json\/wp\/v2\/media?parent=172949"}],"wp:term":[{"taxonomy":"category","embeddable":true,"href":"https:\/\/mspontocom.com.br\/site\/wp-json\/wp\/v2\/categories?post=172949"},{"taxonomy":"post_tag","embeddable":true,"href":"https:\/\/mspontocom.com.br\/site\/wp-json\/wp\/v2\/tags?post=172949"}],"curies":[{"name":"wp","href":"https:\/\/api.w.org\/{rel}","templated":true}]}}