{"id":172977,"date":"2022-07-30T05:40:58","date_gmt":"2022-07-30T09:40:58","guid":{"rendered":"https:\/\/mspontocom.com.br\/site\/?p=172977"},"modified":"2022-07-30T05:40:58","modified_gmt":"2022-07-30T09:40:58","slug":"bolsonaro-publica-carta-pela-democracia-nas-redes-sociais-apoiadores-assinam-manifesto","status":"publish","type":"post","link":"https:\/\/mspontocom.com.br\/site\/bolsonaro-publica-carta-pela-democracia-nas-redes-sociais-apoiadores-assinam-manifesto\/","title":{"rendered":"Bolsonaro publica \u2018Carta pela democracia\u2019 nas redes sociais; apoiadores assinam manifesto"},"content":{"rendered":"<p style=\"text-align: justify;\"><img loading=\"lazy\" class=\"alignnone size-medium wp-image-172978\" src=\"https:\/\/mspontocom.com.br\/site\/wp-content\/uploads\/2022\/07\/site-bolsonaro-bravo-260x159.jpg\" alt=\"\" width=\"260\" height=\"159\" srcset=\"https:\/\/mspontocom.com.br\/site\/wp-content\/uploads\/2022\/07\/site-bolsonaro-bravo-260x159.jpg 260w, https:\/\/mspontocom.com.br\/site\/wp-content\/uploads\/2022\/07\/site-bolsonaro-bravo.jpg 620w\" sizes=\"(max-width: 260px) 100vw, 260px\" \/><\/p>\n<p style=\"text-align: justify;\">O presidente<strong> Jair Bolsonaro<\/strong>\u00a0voltou a fazer refer\u00eancias a \u201cCarta \u00e0s brasileiras e aos brasileiros em defesa do Estado Democr\u00e1tico de Direito!\u201d, publicada no site da Faculdade de Direito da Universidade de S\u00e3o Paulo (USP).<\/p>\n<p style=\"text-align: justify;\">Em mensagem nas redes sociais, o mandat\u00e1rio fez publicou uma \u201ccarta de manifesto em favor da democracia\u201d.<\/p>\n<p style=\"text-align: justify;\">\u201cPor meio desta, manifesto que sou a favor da democracia. Assinado: Jair Messias Bolsonaro, Presidente da Rep\u00fablica Federativa do Brasil\u201d, escreveu Bolsonaro no<strong>\u00a0<em>Twitter<\/em>. <\/strong><\/p>\n<p style=\"text-align: justify;\">Na sequ\u00eancia,\u00a0 apoiadores do presidente come\u00e7aram a responder a publica\u00e7\u00e3o \u201cassinando\u201d a carta de Bolsonaro. \u201cSubscrevo suas palavras, Presidente. Carla Zambelli \u2013 Deputada Federal\/SP\u201d, afirmou Carla Zambelli (PL). \u201cAdolfo Sachsida ministro de minas e Energia\u201d, tamb\u00e9m comentou o membro do governo.<\/p>\n","protected":false},"excerpt":{"rendered":"<p>O presidente Jair Bolsonaro\u00a0voltou a fazer refer\u00eancias a \u201cCarta \u00e0s brasileiras e aos brasileiros em defesa do Estado Democr\u00e1tico de Direito!\u201d, publicada no site da Faculdade de Direito da Universidade de S\u00e3o Paulo (USP). Em mensagem nas redes sociais, o mandat\u00e1rio fez publicou uma \u201ccarta de manifesto em favor da democracia\u201d. \u201cPor meio desta, manifesto [&hellip;]<\/p>\n","protected":false},"author":2,"featured_media":172978,"comment_status":"open","ping_status":"open","sticky":false,"template":"","format":"standard","meta":{"_monsterinsights_skip_tracking":false,"_monsterinsights_sitenote_active":false,"_monsterinsights_sitenote_note":"","_monsterinsights_sitenote_category":0},"categories":[6,30260,30259],"tags":[29093,21017,24285],"aioseo_notices":[],"_links":{"self":[{"href":"https:\/\/mspontocom.com.br\/site\/wp-json\/wp\/v2\/posts\/172977"}],"collection":[{"href":"https:\/\/mspontocom.com.br\/site\/wp-json\/wp\/v2\/posts"}],"about":[{"href":"https:\/\/mspontocom.com.br\/site\/wp-json\/wp\/v2\/types\/post"}],"author":[{"embeddable":true,"href":"https:\/\/mspontocom.com.br\/site\/wp-json\/wp\/v2\/users\/2"}],"replies":[{"embeddable":true,"href":"https:\/\/mspontocom.com.br\/site\/wp-json\/wp\/v2\/comments?post=172977"}],"version-history":[{"count":1,"href":"https:\/\/mspontocom.com.br\/site\/wp-json\/wp\/v2\/posts\/172977\/revisions"}],"predecessor-version":[{"id":172979,"href":"https:\/\/mspontocom.com.br\/site\/wp-json\/wp\/v2\/posts\/172977\/revisions\/172979"}],"wp:featuredmedia":[{"embeddable":true,"href":"https:\/\/mspontocom.com.br\/site\/wp-json\/wp\/v2\/media\/172978"}],"wp:attachment":[{"href":"https:\/\/mspontocom.com.br\/site\/wp-json\/wp\/v2\/media?parent=172977"}],"wp:term":[{"taxonomy":"category","embeddable":true,"href":"https:\/\/mspontocom.com.br\/site\/wp-json\/wp\/v2\/categories?post=172977"},{"taxonomy":"post_tag","embeddable":true,"href":"https:\/\/mspontocom.com.br\/site\/wp-json\/wp\/v2\/tags?post=172977"}],"curies":[{"name":"wp","href":"https:\/\/api.w.org\/{rel}","templated":true}]}}