{"id":172980,"date":"2022-07-30T05:46:45","date_gmt":"2022-07-30T09:46:45","guid":{"rendered":"https:\/\/mspontocom.com.br\/site\/?p=172980"},"modified":"2022-07-30T05:46:45","modified_gmt":"2022-07-30T09:46:45","slug":"advogados-lancam-manifesto-em-defesa-das-liberdades-e-de-bolsonaro","status":"publish","type":"post","link":"https:\/\/mspontocom.com.br\/site\/advogados-lancam-manifesto-em-defesa-das-liberdades-e-de-bolsonaro\/","title":{"rendered":"Advogados lan\u00e7am manifesto em defesa das liberdades e de Bolsonaro"},"content":{"rendered":"<p style=\"text-align: justify;\"><img loading=\"lazy\" class=\"alignnone size-medium wp-image-172981\" src=\"https:\/\/mspontocom.com.br\/site\/wp-content\/uploads\/2022\/07\/site-advogados-lancam-manifesto-em-defesa-das-liberdades-e-de-bolsonaro-ad-e1659174325980-260x177.jpg\" alt=\"\" width=\"260\" height=\"177\" srcset=\"https:\/\/mspontocom.com.br\/site\/wp-content\/uploads\/2022\/07\/site-advogados-lancam-manifesto-em-defesa-das-liberdades-e-de-bolsonaro-ad-e1659174325980-260x177.jpg 260w, https:\/\/mspontocom.com.br\/site\/wp-content\/uploads\/2022\/07\/site-advogados-lancam-manifesto-em-defesa-das-liberdades-e-de-bolsonaro-ad-e1659174325980-768x524.jpg 768w, https:\/\/mspontocom.com.br\/site\/wp-content\/uploads\/2022\/07\/site-advogados-lancam-manifesto-em-defesa-das-liberdades-e-de-bolsonaro-ad-e1659174325980.jpg 877w\" sizes=\"(max-width: 260px) 100vw, 260px\" \/><\/p>\n<p style=\"text-align: justify;\">\u201cSem liberdades n\u00e3o h\u00e1 democracia.\u201d A frase introduz um\u00a0<a href=\"https:\/\/www.change.org\/p\/manifesto-%C3%A0-na%C3%A7%C3%A3o-brasileira-defesa-das-liberdades?recruiter=1272359376&amp;utm_source=share_petition&amp;utm_medium=twitter&amp;utm_campaign=psf_combo_share_initial&amp;recruited_by_id=67b98ce0-0f05-11ed-ad01-8b92d7a81413&amp;share_bandit_exp=initial-34057580-en-US\" target=\"_blank\" rel=\"noopener\"><strong>manifesto<\/strong><\/a> lan\u00e7ado pelo <strong>Movimento Advogados de Direita.<\/strong><\/p>\n<p style=\"text-align: justify;\">Em menos de 24 horas, o documento obteve mais de 70 mil rubricas digitais. Os idealizadores esperam alcan\u00e7ar 100 mil assinaturas ainda hoje.<\/p>\n<p style=\"text-align: justify;\">\u201cH\u00e1 em nosso pa\u00eds a grav\u00edssima tentativa da consolida\u00e7\u00e3o da \u2018ditadura do pensamento \u00fanico\u2019, que vem impondo a censura e a desmonetiza\u00e7\u00e3o dos meios de comunica\u00e7\u00e3o independentes e de perfis de redes sociais\u201d, informa trecho da carta, divulgada por v\u00e1rias p\u00e1ginas conservadoras na internet.<\/p>\n<p style=\"text-align: justify;\">Adiante, o abaixo-assinado menciona as investiga\u00e7\u00f5es criminais do Supremo Tribunal Federal, consideradas inconstitucionais por juristas.<\/p>\n<p style=\"text-align: justify;\">\u00a0\u201cTestemunhamos a instaura\u00e7\u00e3o de inqu\u00e9ritos ilegais e inconstitucionais com o simples objetivo de criminalizar a opini\u00e3o contr\u00e1ria, pelo \u00f3rg\u00e3o que deveria zelar pelos direitos fundamentais da popula\u00e7\u00e3o, abolindo nossas liberdades individuais e garantias fundamentais\u201d, observa o manifesto.<\/p>\n<p style=\"text-align: justify;\">\n<div class=\"list-related-posts\" style=\"text-align: justify;\"><\/div>\n","protected":false},"excerpt":{"rendered":"<p>\u201cSem liberdades n\u00e3o h\u00e1 democracia.\u201d A frase introduz um\u00a0manifesto lan\u00e7ado pelo Movimento Advogados de Direita. Em menos de 24 horas, o documento obteve mais de 70 mil rubricas digitais. Os idealizadores esperam alcan\u00e7ar 100 mil assinaturas ainda hoje. \u201cH\u00e1 em nosso pa\u00eds a grav\u00edssima tentativa da consolida\u00e7\u00e3o da \u2018ditadura do pensamento \u00fanico\u2019, que vem impondo [&hellip;]<\/p>\n","protected":false},"author":2,"featured_media":172981,"comment_status":"open","ping_status":"open","sticky":false,"template":"","format":"standard","meta":{"_monsterinsights_skip_tracking":false,"_monsterinsights_sitenote_active":false,"_monsterinsights_sitenote_note":"","_monsterinsights_sitenote_category":0},"categories":[6,30260,30259],"tags":[214,21017,129,32323,36291,7900],"aioseo_notices":[],"_links":{"self":[{"href":"https:\/\/mspontocom.com.br\/site\/wp-json\/wp\/v2\/posts\/172980"}],"collection":[{"href":"https:\/\/mspontocom.com.br\/site\/wp-json\/wp\/v2\/posts"}],"about":[{"href":"https:\/\/mspontocom.com.br\/site\/wp-json\/wp\/v2\/types\/post"}],"author":[{"embeddable":true,"href":"https:\/\/mspontocom.com.br\/site\/wp-json\/wp\/v2\/users\/2"}],"replies":[{"embeddable":true,"href":"https:\/\/mspontocom.com.br\/site\/wp-json\/wp\/v2\/comments?post=172980"}],"version-history":[{"count":1,"href":"https:\/\/mspontocom.com.br\/site\/wp-json\/wp\/v2\/posts\/172980\/revisions"}],"predecessor-version":[{"id":172982,"href":"https:\/\/mspontocom.com.br\/site\/wp-json\/wp\/v2\/posts\/172980\/revisions\/172982"}],"wp:featuredmedia":[{"embeddable":true,"href":"https:\/\/mspontocom.com.br\/site\/wp-json\/wp\/v2\/media\/172981"}],"wp:attachment":[{"href":"https:\/\/mspontocom.com.br\/site\/wp-json\/wp\/v2\/media?parent=172980"}],"wp:term":[{"taxonomy":"category","embeddable":true,"href":"https:\/\/mspontocom.com.br\/site\/wp-json\/wp\/v2\/categories?post=172980"},{"taxonomy":"post_tag","embeddable":true,"href":"https:\/\/mspontocom.com.br\/site\/wp-json\/wp\/v2\/tags?post=172980"}],"curies":[{"name":"wp","href":"https:\/\/api.w.org\/{rel}","templated":true}]}}