{"id":172996,"date":"2022-08-01T16:21:08","date_gmt":"2022-08-01T20:21:08","guid":{"rendered":"https:\/\/mspontocom.com.br\/site\/?p=172996"},"modified":"2022-08-01T16:02:36","modified_gmt":"2022-08-01T20:02:36","slug":"sem-controle-stf-teve-suas-contas-julgadas-apenas-uma-vez-nos-ultimos-quatro-anos","status":"publish","type":"post","link":"https:\/\/mspontocom.com.br\/site\/sem-controle-stf-teve-suas-contas-julgadas-apenas-uma-vez-nos-ultimos-quatro-anos\/","title":{"rendered":"Sem controle: STF teve suas contas julgadas apenas uma vez nos \u00faltimos quatro anos"},"content":{"rendered":"<p style=\"text-align: justify;\" tabindex=\"0\"><img loading=\"lazy\" class=\"alignnone size-medium wp-image-173006\" src=\"https:\/\/mspontocom.com.br\/site\/wp-content\/uploads\/2022\/08\/site-sem-controle-stf-teve-suas-contas-julgadas-apenas-uma-vez-nos-ultimos-quatro-anos-stf-2-e8b5f394-260x169.png\" alt=\"\" width=\"260\" height=\"169\" srcset=\"https:\/\/mspontocom.com.br\/site\/wp-content\/uploads\/2022\/08\/site-sem-controle-stf-teve-suas-contas-julgadas-apenas-uma-vez-nos-ultimos-quatro-anos-stf-2-e8b5f394-260x169.png 260w, https:\/\/mspontocom.com.br\/site\/wp-content\/uploads\/2022\/08\/site-sem-controle-stf-teve-suas-contas-julgadas-apenas-uma-vez-nos-ultimos-quatro-anos-stf-2-e8b5f394-768x498.png 768w, https:\/\/mspontocom.com.br\/site\/wp-content\/uploads\/2022\/08\/site-sem-controle-stf-teve-suas-contas-julgadas-apenas-uma-vez-nos-ultimos-quatro-anos-stf-2-e8b5f394.png 800w\" sizes=\"(max-width: 260px) 100vw, 260px\" \/><\/p>\n<p style=\"text-align: justify;\" tabindex=\"0\">Nos \u00faltimos quatro anos, o <strong>STF<\/strong> teve as suas contas julgadas pelo Tribunal de Contas da Uni\u00e3o (TCU) apenas no exerc\u00edcio de 2019.<\/p>\n<p style=\"text-align: justify;\" tabindex=\"0\">Naquele ano, a Auditoria Interna do STF apurou falhas nos controles internos de compras e contrata\u00e7\u00f5es por dispensa de licita\u00e7\u00e3o e a perman\u00eancia de v\u00edcios na concess\u00e3o de di\u00e1rias e passagens.<\/p>\n<p style=\"text-align: justify;\" tabindex=\"0\">\u00a0Como as conclus\u00f5es foram encampadas pela \u201cAlta Administra\u00e7\u00e3o\u201d do STF, o corpo t\u00e9cnico do tribunal concluiu que n\u00e3o havia \u201cnecessidade de interven\u00e7\u00e3o do TCU\u201d.<\/p>\n<p style=\"text-align: justify;\"><span style=\"font-size: 14pt;\"><strong>Informa\u00e7\u00f5es imprecisas, sistema obsoleto<\/strong><\/span><\/p>\n<p style=\"text-align: justify;\">Na an\u00e1lise do canal de interlocu\u00e7\u00e3o do STF com a sociedade, em rela\u00e7\u00e3o aos servi\u00e7os de ouvidoria e de atendimento \u00e0 Lei de Acesso \u00e0 Informa\u00e7\u00e3o (LAI), a Auditoria Interna identificou \u201criscos \u00e0 imagem do STF perante \u00e0 sociedade\u201d, por n\u00e3o apresentar uma unidade de ouvidoria aderente \u00e0s normas e \u00e0s boas pr\u00e1ticas de ouvidorias p\u00fablicas; riscos \u00e0 imagem do STF perante seus usu\u00e1rios, decorrentes de \u201cdivulga\u00e7\u00e3o de informa\u00e7\u00f5es imprecisas, na forma e no conte\u00fado\u201d; riscos \u00e0 efetiva participa\u00e7\u00e3o do cidad\u00e3o, por inadequa\u00e7\u00e3o do portal do STF, da p\u00e1gina da Central do Cidad\u00e3o e do formul\u00e1rio eletr\u00f4nico para suas manifesta\u00e7\u00f5es e solicita\u00e7\u00f5es.<\/p>\n<p style=\"text-align: justify;\">Foram detectados, ainda, riscos ao atendimento eficiente dos usu\u00e1rios, por \u201cutiliza\u00e7\u00e3o de sistema obsoleto\u201d.<\/p>\n<p style=\"text-align: justify;\"><span style=\"font-size: 14pt;\"><strong>Controle de passagens e di\u00e1rias<\/strong><\/span><br \/>\nA Auditoria Interna tamb\u00e9m avaliou os controles internos do processo de concess\u00e3o de passagens e di\u00e1rias, com base em monitoramento de auditoria realizada em 2017 em que foram identificados diversos achados. Do total de recomenda\u00e7\u00f5es expedidas, 34 foram implementadas \u2013 79% das a\u00e7\u00f5es propostas pela Auditoria Interna.<\/p>\n<p style=\"text-align: justify;\">Reportagem do blog mostrou a falta de transpar\u00eancia na concess\u00e3o de passagens para ministros do STF em 2022.<\/p>\n<p style=\"text-align: justify;\">fonte: Correio do Povo<\/p>\n","protected":false},"excerpt":{"rendered":"<p>Nos \u00faltimos quatro anos, o STF teve as suas contas julgadas pelo Tribunal de Contas da Uni\u00e3o (TCU) apenas no exerc\u00edcio de 2019. Naquele ano, a Auditoria Interna do STF apurou falhas nos controles internos de compras e contrata\u00e7\u00f5es por dispensa de licita\u00e7\u00e3o e a perman\u00eancia de v\u00edcios na concess\u00e3o de di\u00e1rias e passagens. \u00a0Como [&hellip;]<\/p>\n","protected":false},"author":2,"featured_media":173006,"comment_status":"open","ping_status":"open","sticky":false,"template":"","format":"standard","meta":{"_monsterinsights_skip_tracking":false,"_monsterinsights_sitenote_active":false,"_monsterinsights_sitenote_note":"","_monsterinsights_sitenote_category":0},"categories":[6],"tags":[38254,3014,3998],"aioseo_notices":[],"_links":{"self":[{"href":"https:\/\/mspontocom.com.br\/site\/wp-json\/wp\/v2\/posts\/172996"}],"collection":[{"href":"https:\/\/mspontocom.com.br\/site\/wp-json\/wp\/v2\/posts"}],"about":[{"href":"https:\/\/mspontocom.com.br\/site\/wp-json\/wp\/v2\/types\/post"}],"author":[{"embeddable":true,"href":"https:\/\/mspontocom.com.br\/site\/wp-json\/wp\/v2\/users\/2"}],"replies":[{"embeddable":true,"href":"https:\/\/mspontocom.com.br\/site\/wp-json\/wp\/v2\/comments?post=172996"}],"version-history":[{"count":3,"href":"https:\/\/mspontocom.com.br\/site\/wp-json\/wp\/v2\/posts\/172996\/revisions"}],"predecessor-version":[{"id":173024,"href":"https:\/\/mspontocom.com.br\/site\/wp-json\/wp\/v2\/posts\/172996\/revisions\/173024"}],"wp:featuredmedia":[{"embeddable":true,"href":"https:\/\/mspontocom.com.br\/site\/wp-json\/wp\/v2\/media\/173006"}],"wp:attachment":[{"href":"https:\/\/mspontocom.com.br\/site\/wp-json\/wp\/v2\/media?parent=172996"}],"wp:term":[{"taxonomy":"category","embeddable":true,"href":"https:\/\/mspontocom.com.br\/site\/wp-json\/wp\/v2\/categories?post=172996"},{"taxonomy":"post_tag","embeddable":true,"href":"https:\/\/mspontocom.com.br\/site\/wp-json\/wp\/v2\/tags?post=172996"}],"curies":[{"name":"wp","href":"https:\/\/api.w.org\/{rel}","templated":true}]}}