{"id":173092,"date":"2022-08-04T06:33:01","date_gmt":"2022-08-04T10:33:01","guid":{"rendered":"https:\/\/mspontocom.com.br\/site\/?p=173092"},"modified":"2022-08-04T06:33:01","modified_gmt":"2022-08-04T10:33:01","slug":"esquerda-entra-com-acao-no-stf-contra-convocacao-de-policiais-para-7-9","status":"publish","type":"post","link":"https:\/\/mspontocom.com.br\/site\/esquerda-entra-com-acao-no-stf-contra-convocacao-de-policiais-para-7-9\/","title":{"rendered":"Esquerda entra com a\u00e7\u00e3o no STF contra convoca\u00e7\u00e3o de policiais para 7\/9"},"content":{"rendered":"<p style=\"text-align: justify;\"><img loading=\"lazy\" class=\"alignnone size-medium wp-image-173073\" src=\"https:\/\/mspontocom.com.br\/site\/wp-content\/uploads\/2022\/08\/site-casa-civil-afirma-que-pancadaria-diz-respeito-a-esquerda-e-ao-pt-sete-260x195.jpg\" alt=\"\" width=\"260\" height=\"195\" srcset=\"https:\/\/mspontocom.com.br\/site\/wp-content\/uploads\/2022\/08\/site-casa-civil-afirma-que-pancadaria-diz-respeito-a-esquerda-e-ao-pt-sete-260x195.jpg 260w, https:\/\/mspontocom.com.br\/site\/wp-content\/uploads\/2022\/08\/site-casa-civil-afirma-que-pancadaria-diz-respeito-a-esquerda-e-ao-pt-sete.jpg 480w\" sizes=\"(max-width: 260px) 100vw, 260px\" \/><\/p>\n<p style=\"text-align: justify;\">Seis partidos de esquerda entraram\u00a0 com uma a\u00e7\u00e3o de inconstitucionalidade no STF contra a possibilidade de convoca\u00e7\u00e3o de for\u00e7as policiais dos estados feitas pelo governo federal ou For\u00e7as Armadas.<\/p>\n<p style=\"text-align: justify;\">A a\u00e7\u00e3o \u00e9 uma resposta das legendas \u00e0 declara\u00e7\u00e3o feita no s\u00e1bado (28) pelo presidente Jair Bolsonaro (PL), que afirmou que as For\u00e7as Armadas e as for\u00e7as auxiliares desfilar\u00e3o na praia de Copacabana, zona sul do Rio, no dia 7 de setembro para marcar os 200 anos da Independ\u00eancia do Brasil.<\/p>\n<p style=\"text-align: justify;\">Na a\u00e7\u00e3o, as siglas argumentam que a Constitui\u00e7\u00e3o Federal de 1988 &#8220;prev\u00ea expressamente a subordina\u00e7\u00e3o das for\u00e7as policiais aos governadores dos estados&#8221; e que &#8220;a interpreta\u00e7\u00e3o que tem sido encampada por grupos isolados de policiais e, at\u00e9 mesmo, por autoridades do governo federal, de que as For\u00e7as Armadas poderiam se sobrepor aos estados no comando das pol\u00edcias militares viola o pacto federativo&#8221;.<\/p>\n<p>&nbsp;<\/p>\n","protected":false},"excerpt":{"rendered":"<p>Seis partidos de esquerda entraram\u00a0 com uma a\u00e7\u00e3o de inconstitucionalidade no STF contra a possibilidade de convoca\u00e7\u00e3o de for\u00e7as policiais dos estados feitas pelo governo federal ou For\u00e7as Armadas. A a\u00e7\u00e3o \u00e9 uma resposta das legendas \u00e0 declara\u00e7\u00e3o feita no s\u00e1bado (28) pelo presidente Jair Bolsonaro (PL), que afirmou que as For\u00e7as Armadas e as [&hellip;]<\/p>\n","protected":false},"author":2,"featured_media":173073,"comment_status":"open","ping_status":"open","sticky":false,"template":"","format":"standard","meta":{"_monsterinsights_skip_tracking":false,"_monsterinsights_sitenote_active":false,"_monsterinsights_sitenote_note":"","_monsterinsights_sitenote_category":0},"categories":[30260,30259,12],"tags":[38269,21869,25376,27513,26069],"aioseo_notices":[],"_links":{"self":[{"href":"https:\/\/mspontocom.com.br\/site\/wp-json\/wp\/v2\/posts\/173092"}],"collection":[{"href":"https:\/\/mspontocom.com.br\/site\/wp-json\/wp\/v2\/posts"}],"about":[{"href":"https:\/\/mspontocom.com.br\/site\/wp-json\/wp\/v2\/types\/post"}],"author":[{"embeddable":true,"href":"https:\/\/mspontocom.com.br\/site\/wp-json\/wp\/v2\/users\/2"}],"replies":[{"embeddable":true,"href":"https:\/\/mspontocom.com.br\/site\/wp-json\/wp\/v2\/comments?post=173092"}],"version-history":[{"count":2,"href":"https:\/\/mspontocom.com.br\/site\/wp-json\/wp\/v2\/posts\/173092\/revisions"}],"predecessor-version":[{"id":173096,"href":"https:\/\/mspontocom.com.br\/site\/wp-json\/wp\/v2\/posts\/173092\/revisions\/173096"}],"wp:featuredmedia":[{"embeddable":true,"href":"https:\/\/mspontocom.com.br\/site\/wp-json\/wp\/v2\/media\/173073"}],"wp:attachment":[{"href":"https:\/\/mspontocom.com.br\/site\/wp-json\/wp\/v2\/media?parent=173092"}],"wp:term":[{"taxonomy":"category","embeddable":true,"href":"https:\/\/mspontocom.com.br\/site\/wp-json\/wp\/v2\/categories?post=173092"},{"taxonomy":"post_tag","embeddable":true,"href":"https:\/\/mspontocom.com.br\/site\/wp-json\/wp\/v2\/tags?post=173092"}],"curies":[{"name":"wp","href":"https:\/\/api.w.org\/{rel}","templated":true}]}}