{"id":173213,"date":"2022-08-09T05:19:31","date_gmt":"2022-08-09T09:19:31","guid":{"rendered":"https:\/\/mspontocom.com.br\/site\/?p=173213"},"modified":"2022-08-09T08:24:19","modified_gmt":"2022-08-09T12:24:19","slug":"artigo-gaudencio-torquato-cinco-cenarios","status":"publish","type":"post","link":"https:\/\/mspontocom.com.br\/site\/artigo-gaudencio-torquato-cinco-cenarios\/","title":{"rendered":"Artigo Gaud\u00eancio Torquato:  CINCO CEN\u00c1RIOS"},"content":{"rendered":"<p><img loading=\"lazy\" class=\"alignnone size-medium wp-image-173214\" src=\"https:\/\/mspontocom.com.br\/site\/wp-content\/uploads\/2022\/08\/site-gaudencio-260x187.jpeg\" alt=\"\" width=\"260\" height=\"187\" srcset=\"https:\/\/mspontocom.com.br\/site\/wp-content\/uploads\/2022\/08\/site-gaudencio-260x187.jpeg 260w, https:\/\/mspontocom.com.br\/site\/wp-content\/uploads\/2022\/08\/site-gaudencio.jpeg 620w\" sizes=\"(max-width: 260px) 100vw, 260px\" \/><\/p>\n<p>O mspontocom publica semanalmente artigo do professor Gaud\u00eancio Torquato.<\/p>\n<p><strong><em>Torquato \u00e9 jornalista, escritor, professor titular da USP e consultor pol\u00edtico\u00a0<a href=\"mailto:Twitter@gaudtorquato\" target=\"_blank\" rel=\"noopener\">Twitter@gaudtorquato<\/a><\/em><\/strong><\/p>\n<p>&nbsp;<\/p>\n<p style=\"text-align: justify;\">O cotidiano da pol\u00edtica \u00e9 uma gangorra. A tens\u00e3o sobe e desce. As expectativas fluem ao sabor dos momentos. As d\u00favidas ganham volume, puxadas pelos protagonistas. Em ano eleitoral, a dois meses das elei\u00e7\u00f5es, e tendo em vista que a contenda usar\u00e1 armas nunca d\u2019antes vistas, n\u00e3o \u00e9 de surpreender que a guerra seja a mais violenta da atualidade.<\/p>\n<p style=\"text-align: justify;\">Trata-se de um pleito que far\u00e1 o Brasil caminhar, amanh\u00e3, pelos caminhos da esquerda ou da direita. A contar com o maior cofre eleitoral de todos os tempos. E a abarcar o maior n\u00famero de eleitores, cerca de 156 milh\u00f5es. Na paisagem de fundo, mais de 30 milh\u00f5es de pessoas sem acesso \u00e0 mesa do p\u00e3o, habitantes do territ\u00f3rio da extrema car\u00eancia. Mostrando, ainda, classes m\u00e9dias divididas entre dois candidatos e uma parcela, que tende a crescer, ansiosa para achar a sa\u00edda da dualidade, um perfil identificado com inova\u00e7\u00e3o.<\/p>\n<p style=\"text-align: justify;\">Essa moldura pode se alterar nas pr\u00f3ximas semanas, a depender da barreira a ser transposta pelos corredores. O obst\u00e1culo dever\u00e1 aparecer no dia em que o pa\u00eds comemorar\u00e1 os 200 anos da independ\u00eancia, 7 de setembro pr\u00f3ximo. A muralha a ser ultrapassada tem sido refor\u00e7ada com a argamassa produzida nos fornos do presidente Bolsonaro, cujos componentes incluem uma parada militar na avenida Atl\u00e2ntica (Copacabana), no Rio de Janeiro, o convite para as massas comparecerem ao evento, ataques reiterados a membros do Poder Judici\u00e1rio e \u00e0s urnas eletr\u00f4nicas e a indigna\u00e7\u00e3o contra manifestos em favor da democracia.<\/p>\n<p style=\"text-align: justify;\">O que aguarda o pa\u00eds, ap\u00f3s 7 de setembro? Paz ou guerra? Que o leitor tire suas conclus\u00f5es, ap\u00f3s tentar extrair os efeitos dos seguintes cen\u00e1rios:<\/p>\n<ol style=\"text-align: justify;\">\n<li><strong>Mar bravio<\/strong>\u00a0\u2013 O desfile de 7 de setembro \u2013 militares de diversas categorias e postos, tanques esmagando o asfalto, contin\u00eancia dirigida ao comandante-em-chefe das For\u00e7as Armadas, ele mesmo, o presidente da Rep\u00fablica &#8211; tem o cond\u00e3o de mostrar que o capit\u00e3o Jair \u00e9 poderoso e tem for\u00e7as para anunciar medidas de car\u00e1ter extraordin\u00e1rio. Medidas que disfarcem a imagem de um golpe, fen\u00f4meno que desviar\u00e1 o pa\u00eds de sua rota, mas poss\u00edvel de ocorrer, principalmente se a mobiliza\u00e7\u00e3o de rua implicar devasta\u00e7\u00e3o, quebra-quebra, desordem, conflitos. Hip\u00f3tese que ser\u00e1 vi\u00e1vel\/invi\u00e1vel, a depender do comportamento das For\u00e7as Armadas,<\/li>\n<li><strong>C\u00e9u de brigadeiro<\/strong>\u00a0\u2013 O evento de 7 de setembro ocorrer\u00e1 com tranquilidade, sem a\u00e7odamento, brigas entre alas, soldados cumprindo sua tarefa de desfilar, votos de paz e harmonia social, expressos pela sociedade civil. O presidente se manteria de boca fechada, sem jogar lenha na fogueira e at\u00e9 jogando \u00e1gua em algum fogo persistente. Desse modo, o c\u00e9u de brigadeiro seria visto at\u00e9 outubro, m\u00eas do primeiro e do segundo turnos.<\/li>\n<li><strong>Horizonte turvo<\/strong>\u00a0\u2013 Nuvens pl\u00fambeas, pesadas, prenunciando raios, trov\u00e3o e chuva intensa, emergir\u00e3o em todos os quadrantes, e seus primeiros sinais apareceriam no dia 7 de setembro, com escaramu\u00e7as desfechadas por alas bolsonaristas e grupos lulopetistas. O pren\u00fancio de guerra, a se travar nas ruas ap\u00f3s a comemora\u00e7\u00e3o c\u00edvica, criaria as condi\u00e7\u00f5es para o presidente continuar seu discurso belicoso. E preparar o esp\u00edrito de suas bases para a altera\u00e7\u00e3o das regras no tabuleiro democr\u00e1tico, caso o vencedor do pleito seja o candidato das esquerdas. As institui\u00e7\u00f5es da Rep\u00fablica reagir\u00e3o e a gangorra de tens\u00f5es voltar\u00e1 \u00e0 paisagem.<\/li>\n<li><strong>Luz no fim do t\u00fanel<\/strong>\u00a0\u2013 A policromia do arco-\u00edris ser\u00e1 manchada com borr\u00f5es e picha\u00e7\u00f5es, nos pr\u00f3ximos dias, que enfeiar\u00e3o o desfile de 7 de setembro, abrindo buracos na sociedade, contribuindo para os polos do extremo ideol\u00f3gico acirrarem suas diverg\u00eancias. A polariza\u00e7\u00e3o chega ao pico da montanha. Mas acende uma luz no fim do t\u00fanel. Toma corpo a taxa de racionalidade. E tal impulso viabiliza um terceiro nome, um perfil com um discurso de harmonia e reinser\u00e7\u00e3o do pa\u00eds na roda do desenvolvimento. Pode ser utopia. Mas&#8230;<\/li>\n<li><strong>Visita do Imponder\u00e1vel<\/strong>\u00a0\u2013 Uma visita do Senhor da Imprevisibilidade tamb\u00e9m \u00e9 poss\u00edvel. Para evitar o mau agouro, este analista deixa de lado as hip\u00f3teses desse cen\u00e1rio.<\/li>\n<\/ol>\n<p style=\"text-align: justify;\">Seja qual for o cen\u00e1rio, urge crer no Brasil, com seu territ\u00f3rio continental, riquezas naturais, belezas incompar\u00e1veis, peda\u00e7o importante do planeta. E que, um dia, realizar\u00e1 o sonho de uma grande P\u00e1tria: a revolu\u00e7\u00e3o da Educa\u00e7\u00e3o.<\/p>\n","protected":false},"excerpt":{"rendered":"<p>O mspontocom publica semanalmente artigo do professor Gaud\u00eancio Torquato. Torquato \u00e9 jornalista, escritor, professor titular da USP e consultor pol\u00edtico\u00a0Twitter@gaudtorquato &nbsp; O cotidiano da pol\u00edtica \u00e9 uma gangorra. A tens\u00e3o sobe e desce. As expectativas fluem ao sabor dos momentos. As d\u00favidas ganham volume, puxadas pelos protagonistas. Em ano eleitoral, a dois meses das elei\u00e7\u00f5es, [&hellip;]<\/p>\n","protected":false},"author":2,"featured_media":173214,"comment_status":"open","ping_status":"open","sticky":false,"template":"","format":"standard","meta":{"_monsterinsights_skip_tracking":false,"_monsterinsights_sitenote_active":false,"_monsterinsights_sitenote_note":"","_monsterinsights_sitenote_category":0},"categories":[12],"tags":[17132,34523,6587],"aioseo_notices":[],"_links":{"self":[{"href":"https:\/\/mspontocom.com.br\/site\/wp-json\/wp\/v2\/posts\/173213"}],"collection":[{"href":"https:\/\/mspontocom.com.br\/site\/wp-json\/wp\/v2\/posts"}],"about":[{"href":"https:\/\/mspontocom.com.br\/site\/wp-json\/wp\/v2\/types\/post"}],"author":[{"embeddable":true,"href":"https:\/\/mspontocom.com.br\/site\/wp-json\/wp\/v2\/users\/2"}],"replies":[{"embeddable":true,"href":"https:\/\/mspontocom.com.br\/site\/wp-json\/wp\/v2\/comments?post=173213"}],"version-history":[{"count":1,"href":"https:\/\/mspontocom.com.br\/site\/wp-json\/wp\/v2\/posts\/173213\/revisions"}],"predecessor-version":[{"id":173215,"href":"https:\/\/mspontocom.com.br\/site\/wp-json\/wp\/v2\/posts\/173213\/revisions\/173215"}],"wp:featuredmedia":[{"embeddable":true,"href":"https:\/\/mspontocom.com.br\/site\/wp-json\/wp\/v2\/media\/173214"}],"wp:attachment":[{"href":"https:\/\/mspontocom.com.br\/site\/wp-json\/wp\/v2\/media?parent=173213"}],"wp:term":[{"taxonomy":"category","embeddable":true,"href":"https:\/\/mspontocom.com.br\/site\/wp-json\/wp\/v2\/categories?post=173213"},{"taxonomy":"post_tag","embeddable":true,"href":"https:\/\/mspontocom.com.br\/site\/wp-json\/wp\/v2\/tags?post=173213"}],"curies":[{"name":"wp","href":"https:\/\/api.w.org\/{rel}","templated":true}]}}