{"id":173366,"date":"2022-08-15T13:29:02","date_gmt":"2022-08-15T17:29:02","guid":{"rendered":"https:\/\/mspontocom.com.br\/site\/?p=173366"},"modified":"2022-08-15T13:18:16","modified_gmt":"2022-08-15T17:18:16","slug":"e-impossivel-um-cristao-ser-de-esquerda-afirma-lider-religioso","status":"publish","type":"post","link":"https:\/\/mspontocom.com.br\/site\/e-impossivel-um-cristao-ser-de-esquerda-afirma-lider-religioso\/","title":{"rendered":"&#8220;\u00c9 imposs\u00edvel um crist\u00e3o ser de esquerda&#8221;, afirma l\u00edder religioso"},"content":{"rendered":"<p class=\"first-paragraph\" style=\"text-align: justify;\"><img loading=\"lazy\" class=\"alignnone size-medium wp-image-173367\" src=\"https:\/\/mspontocom.com.br\/site\/wp-content\/uploads\/2022\/08\/site-e-impossivel-um-cristao-ser-de-esquerda-afirma-lider-religioso-silas-e1660557823471-260x174.jpeg\" alt=\"\" width=\"260\" height=\"174\" srcset=\"https:\/\/mspontocom.com.br\/site\/wp-content\/uploads\/2022\/08\/site-e-impossivel-um-cristao-ser-de-esquerda-afirma-lider-religioso-silas-e1660557823471-260x174.jpeg 260w, https:\/\/mspontocom.com.br\/site\/wp-content\/uploads\/2022\/08\/site-e-impossivel-um-cristao-ser-de-esquerda-afirma-lider-religioso-silas-e1660557823471-768x514.jpeg 768w, https:\/\/mspontocom.com.br\/site\/wp-content\/uploads\/2022\/08\/site-e-impossivel-um-cristao-ser-de-esquerda-afirma-lider-religioso-silas-e1660557823471.jpeg 817w\" sizes=\"(max-width: 260px) 100vw, 260px\" \/><\/p>\n<p class=\"first-paragraph\" style=\"text-align: justify;\">L\u00edder religioso de uma das principais congrega\u00e7\u00f5es religiosas do Brasil, a Assembleia de Deus Vit\u00f3ria em Cristo, o pastor <strong>Silas Malafaia<\/strong> (foto) afirmou que o apoio dos<strong> evang\u00e9licos<\/strong>\u00a0ao presidente <strong>Jair Bolsonaro<\/strong> (PL) \u00e9 \u2013 e deve ser \u2013 ideol\u00f3gico.<\/p>\n<p style=\"text-align: justify;\">\u201cA B\u00edblia tamb\u00e9m afirma que n\u00e3o pode sair duma mesma fonte, \u00e1gua doce e \u00e1gua amarga. Eu queria entender como um crist\u00e3o, que deve ter os seus fundamentos na B\u00edblia , defende uma ideologia que defende casamento gay, aborto e ideologia de g\u00eanero. Na verdade, \u00e9 imposs\u00edvel um crist\u00e3o verdadeiro ser de esquerda!\u201d.<\/p>\n<p style=\"text-align: justify;\">A declara\u00e7\u00e3o foi dada em entrevista \u00e0 <strong>Revista Veja<\/strong> neste final de semana.<\/p>\n<p style=\"text-align: justify;\">Durante a conversa, o jornalista tamb\u00e9m indagou o pastor sobre o \u201cmarxismo cultural\u201d e fam\u00edlia tradicional.<\/p>\n<p style=\"text-align: justify;\">\n","protected":false},"excerpt":{"rendered":"<p>L\u00edder religioso de uma das principais congrega\u00e7\u00f5es religiosas do Brasil, a Assembleia de Deus Vit\u00f3ria em Cristo, o pastor Silas Malafaia (foto) afirmou que o apoio dos evang\u00e9licos\u00a0ao presidente Jair Bolsonaro (PL) \u00e9 \u2013 e deve ser \u2013 ideol\u00f3gico. \u201cA B\u00edblia tamb\u00e9m afirma que n\u00e3o pode sair duma mesma fonte, \u00e1gua doce e \u00e1gua amarga. [&hellip;]<\/p>\n","protected":false},"author":2,"featured_media":173367,"comment_status":"open","ping_status":"open","sticky":false,"template":"","format":"standard","meta":{"_monsterinsights_skip_tracking":false,"_monsterinsights_sitenote_active":false,"_monsterinsights_sitenote_note":"","_monsterinsights_sitenote_category":0},"categories":[30260,30259,12],"tags":[38315,21869,38316,38314,36924],"aioseo_notices":[],"_links":{"self":[{"href":"https:\/\/mspontocom.com.br\/site\/wp-json\/wp\/v2\/posts\/173366"}],"collection":[{"href":"https:\/\/mspontocom.com.br\/site\/wp-json\/wp\/v2\/posts"}],"about":[{"href":"https:\/\/mspontocom.com.br\/site\/wp-json\/wp\/v2\/types\/post"}],"author":[{"embeddable":true,"href":"https:\/\/mspontocom.com.br\/site\/wp-json\/wp\/v2\/users\/2"}],"replies":[{"embeddable":true,"href":"https:\/\/mspontocom.com.br\/site\/wp-json\/wp\/v2\/comments?post=173366"}],"version-history":[{"count":1,"href":"https:\/\/mspontocom.com.br\/site\/wp-json\/wp\/v2\/posts\/173366\/revisions"}],"predecessor-version":[{"id":173368,"href":"https:\/\/mspontocom.com.br\/site\/wp-json\/wp\/v2\/posts\/173366\/revisions\/173368"}],"wp:featuredmedia":[{"embeddable":true,"href":"https:\/\/mspontocom.com.br\/site\/wp-json\/wp\/v2\/media\/173367"}],"wp:attachment":[{"href":"https:\/\/mspontocom.com.br\/site\/wp-json\/wp\/v2\/media?parent=173366"}],"wp:term":[{"taxonomy":"category","embeddable":true,"href":"https:\/\/mspontocom.com.br\/site\/wp-json\/wp\/v2\/categories?post=173366"},{"taxonomy":"post_tag","embeddable":true,"href":"https:\/\/mspontocom.com.br\/site\/wp-json\/wp\/v2\/tags?post=173366"}],"curies":[{"name":"wp","href":"https:\/\/api.w.org\/{rel}","templated":true}]}}