{"id":173390,"date":"2022-08-16T13:19:23","date_gmt":"2022-08-16T17:19:23","guid":{"rendered":"https:\/\/mspontocom.com.br\/site\/?p=173390"},"modified":"2022-08-16T12:58:40","modified_gmt":"2022-08-16T16:58:40","slug":"jornalista-anti-bolsonaro-resume-carta-pela-democracia-ideias-mofadas-e-zero-vibracao","status":"publish","type":"post","link":"https:\/\/mspontocom.com.br\/site\/jornalista-anti-bolsonaro-resume-carta-pela-democracia-ideias-mofadas-e-zero-vibracao\/","title":{"rendered":"Jornalista anti-Bolsonaro resume \u2018carta pela democracia\u2019: \u2018Ideias mofadas e zero vibra\u00e7\u00e3o\u2019"},"content":{"rendered":"<p><img loading=\"lazy\" class=\"alignnone size-medium wp-image-173392\" src=\"https:\/\/mspontocom.com.br\/site\/wp-content\/uploads\/2022\/08\/site-jornalista-anti-bolsonaro-resume-leitura-de-carta-pela-democracia-ideias-mofadas-e-zero-vibracao-carta-260x195.webp\" alt=\"\" width=\"260\" height=\"195\" srcset=\"https:\/\/mspontocom.com.br\/site\/wp-content\/uploads\/2022\/08\/site-jornalista-anti-bolsonaro-resume-leitura-de-carta-pela-democracia-ideias-mofadas-e-zero-vibracao-carta-260x195.webp 260w, https:\/\/mspontocom.com.br\/site\/wp-content\/uploads\/2022\/08\/site-jornalista-anti-bolsonaro-resume-leitura-de-carta-pela-democracia-ideias-mofadas-e-zero-vibracao-carta.webp 768w\" sizes=\"(max-width: 260px) 100vw, 260px\" \/><\/p>\n<p>O ato de leitura da<strong> \u201ccarta pela democracia\u201d<\/strong> na USP\u00a0registrou atos pol\u00edticos <strong>pr\u00f3-Lula<\/strong> na quinta-feira 11.<\/p>\n<p style=\"text-align: justify;\">O evento teve a presen\u00e7a de sindicatos, coletivos de minorias, professores e membros do Prerrogativas.<\/p>\n<p style=\"text-align: justify;\">Apesar de ser divulgado como um evento apartid\u00e1rio, militantes do Movimento dos Trabalhadores Sem Teto gritavam palavras de ordem contra o governo federal.<\/p>\n<p style=\"text-align: justify;\">Alguns manifestantes foram vistos exibindo mensagens contra<strong> Bolsonaro<\/strong> e outros com material de apoio a Lula.<\/p>\n<p style=\"text-align: justify;\">Nas redes sociais, <strong>a jornalista anti-Bolsonaro Barbara Gancia<\/strong> sintetizou a decad\u00eancia do ato e da esquerda brasileira:<\/p>\n<p style=\"text-align: justify;\">&#8220;Volto pessimista do ato no Largo S. Francisco. Pouqu\u00edssima gente, m\u00e9dia de idade, a minha, pouqu\u00edssimos jovens, os mesmos intelectuais de ideias mofadas de sempre e zero vibra\u00e7\u00e3o&#8221;.<\/p>\n","protected":false},"excerpt":{"rendered":"<p>O ato de leitura da \u201ccarta pela democracia\u201d na USP\u00a0registrou atos pol\u00edticos pr\u00f3-Lula na quinta-feira 11. O evento teve a presen\u00e7a de sindicatos, coletivos de minorias, professores e membros do Prerrogativas. Apesar de ser divulgado como um evento apartid\u00e1rio, militantes do Movimento dos Trabalhadores Sem Teto gritavam palavras de ordem contra o governo federal. Alguns [&hellip;]<\/p>\n","protected":false},"author":2,"featured_media":173392,"comment_status":"open","ping_status":"open","sticky":false,"template":"","format":"standard","meta":{"_monsterinsights_skip_tracking":false,"_monsterinsights_sitenote_active":false,"_monsterinsights_sitenote_note":"","_monsterinsights_sitenote_category":0},"categories":[30260,30259,12],"tags":[35423,38319,24285,129,21869,1024],"aioseo_notices":[],"_links":{"self":[{"href":"https:\/\/mspontocom.com.br\/site\/wp-json\/wp\/v2\/posts\/173390"}],"collection":[{"href":"https:\/\/mspontocom.com.br\/site\/wp-json\/wp\/v2\/posts"}],"about":[{"href":"https:\/\/mspontocom.com.br\/site\/wp-json\/wp\/v2\/types\/post"}],"author":[{"embeddable":true,"href":"https:\/\/mspontocom.com.br\/site\/wp-json\/wp\/v2\/users\/2"}],"replies":[{"embeddable":true,"href":"https:\/\/mspontocom.com.br\/site\/wp-json\/wp\/v2\/comments?post=173390"}],"version-history":[{"count":2,"href":"https:\/\/mspontocom.com.br\/site\/wp-json\/wp\/v2\/posts\/173390\/revisions"}],"predecessor-version":[{"id":173393,"href":"https:\/\/mspontocom.com.br\/site\/wp-json\/wp\/v2\/posts\/173390\/revisions\/173393"}],"wp:featuredmedia":[{"embeddable":true,"href":"https:\/\/mspontocom.com.br\/site\/wp-json\/wp\/v2\/media\/173392"}],"wp:attachment":[{"href":"https:\/\/mspontocom.com.br\/site\/wp-json\/wp\/v2\/media?parent=173390"}],"wp:term":[{"taxonomy":"category","embeddable":true,"href":"https:\/\/mspontocom.com.br\/site\/wp-json\/wp\/v2\/categories?post=173390"},{"taxonomy":"post_tag","embeddable":true,"href":"https:\/\/mspontocom.com.br\/site\/wp-json\/wp\/v2\/tags?post=173390"}],"curies":[{"name":"wp","href":"https:\/\/api.w.org\/{rel}","templated":true}]}}