{"id":173404,"date":"2022-08-16T07:46:28","date_gmt":"2022-08-16T11:46:28","guid":{"rendered":"https:\/\/mspontocom.com.br\/site\/?p=173404"},"modified":"2022-08-16T07:46:28","modified_gmt":"2022-08-16T11:46:28","slug":"artigo-gaudencio-torquato-golpe-sociedade-diz-nao","status":"publish","type":"post","link":"https:\/\/mspontocom.com.br\/site\/artigo-gaudencio-torquato-golpe-sociedade-diz-nao\/","title":{"rendered":"Artigo Gaud\u00eancio Torquato:  GOLPE? SOCIEDADE DIZ N\u00c3O"},"content":{"rendered":"<p><img loading=\"lazy\" class=\"alignnone size-medium wp-image-173405\" src=\"https:\/\/mspontocom.com.br\/site\/wp-content\/uploads\/2022\/08\/site-artigo-gaudencio-torquato-golpe-sociedade-diz-nao-gaudencio-260x187.jpeg\" alt=\"\" width=\"260\" height=\"187\" srcset=\"https:\/\/mspontocom.com.br\/site\/wp-content\/uploads\/2022\/08\/site-artigo-gaudencio-torquato-golpe-sociedade-diz-nao-gaudencio-260x187.jpeg 260w, https:\/\/mspontocom.com.br\/site\/wp-content\/uploads\/2022\/08\/site-artigo-gaudencio-torquato-golpe-sociedade-diz-nao-gaudencio.jpeg 620w\" sizes=\"(max-width: 260px) 100vw, 260px\" \/><\/p>\n<p>O mspontocom publica semanalmente artigo do professor Gaud\u00eancio Torquato.<\/p>\n<p><strong><em>Torquato \u00e9 jornalista, escritor, professor titular da USP e consultor pol\u00edtico <a href=\"mailto:Twitter@gaudtorquato\" target=\"_blank\" rel=\"noopener\">Twitter@gaudtorquato<\/a><\/em><\/strong><\/p>\n<p>&nbsp;<\/p>\n<p style=\"text-align: justify;\">Abro este texto sob as primeiras impress\u00f5es do evento no sal\u00e3o nobre da Faculdade de Direito da USP, no Largo de S\u00e3o Francisco, onde o ex-ministro da Justi\u00e7a, Jos\u00e9 Carlos Dias, leu, dia 11, quinta, por volta das 11 horas, a Carta em Defesa da Democracia, ap\u00f3s discursos de representantes de entidades da sociedade civil.<\/p>\n<p style=\"text-align: justify;\">A infer\u00eancia mais abrangente \u00e9 a de que, se havia alguma articula\u00e7\u00e3o sub-rept\u00edcia para golpear, dia 7 de setembro pr\u00f3ximo, a ordem democr\u00e1tica, foi sustada pelo mais incisivo movimento empreendido pela sociedade brasileira nos \u00faltimos tempos. A Carta foi um eloquente discurso em prol do sistema democr\u00e1tico e, mais que isso, um vistoso sinal da nossa democracia participativa.<\/p>\n<p style=\"text-align: justify;\">A comunidade levanta a m\u00e3o e avisa: n\u00e3o toleraremos qualquer desvio autorit\u00e1rio no regime. Iremos \u00e0s ruas, se for o caso.\u00a0 Viu-se intensa mobiliza\u00e7\u00e3o, compar\u00e1vel em simbolismo ao famoso Com\u00edcio das Diretas &#8211; J\u00e1, realizado em 16 de abril de 1984, o \u00faltimo e o maior com\u00edcio em favor das elei\u00e7\u00f5es diretas, que reuniu 1,5 milh\u00e3o de pessoas no Vale do Anhangaba\u00fa, no centro de S\u00e3o Paulo.<\/p>\n<p style=\"text-align: justify;\">A proje\u00e7\u00e3o que se faz oportuna \u00e9 de que a corrente em defesa da democracia tende a crescer, face \u00e0 imagem de pedra jogada no meio da lagoa, que a leitura da Carta nos transmite. Essa percep\u00e7\u00e3o se acentua ante a an\u00e1lise dos organizadores e assinantes do documento, que beiram 900 mil pessoas, de segmentos profissionais variados, e origin\u00e1rios do meio da pir\u00e2mide social. A recorrente compara\u00e7\u00e3o que ancora os argumentos deste analista \u00e9: as classes m\u00e9dias exercem o poder de irradiar seu pensamento, a partir do meio da lagoa at\u00e9 as margens.<\/p>\n<p style=\"text-align: justify;\">Esse poder \u00e9 alavancado pela integra\u00e7\u00e3o das m\u00eddias na divulga\u00e7\u00e3o do movimento. Desse modo, \u00e9 bem prov\u00e1vel que a defesa da democracia ganhe mais apoios do que a tese do fechamento do regime, e consequente instala\u00e7\u00e3o de mecanismos autorit\u00e1rios.<\/p>\n<p style=\"text-align: justify;\">A comunidade nacional, por sua vez, age como a panela de press\u00e3o. A fervura precisa que a panela tenha um buraquinho para deixar vazar o ar quente, sob risco de explos\u00e3o. Os movimentos sociais, as manifesta\u00e7\u00f5es de ruas, aplausos e urras s\u00e3o o vapor que, ao vazar, deixa o sistema em equil\u00edbrio. O perigo \u00e9 de ruptura no processo, com forte corros\u00e3o social.<\/p>\n<p style=\"text-align: justify;\">O fato \u00e9 que a comunidade utiliza meios para se exprimir. Exemplos s\u00e3o seus representantes nas C\u00e2maras de Vereadores, nas Assembleias Legislativas nos Estados, na C\u00e2mara Federal e no Senado. Quando esses mecanismos n\u00e3o agem a contento ou quando, mesmo sob sua a\u00e7\u00e3o, os Poderes Executivos (federal, estadual e municipal) n\u00e3o atendem ao clamor social, a popula\u00e7\u00e3o reage. \u00c9 quando a democracia participativa entra na arena de guerra. Esse sistema tamb\u00e9m conta com o plebiscito, o referendo e o projeto de lei de iniciativa popular. Mas, em momentos de crise, como o que estamos vivendo, e sob um ambiente eleitoral polarizado, a sociedade escolhe a ferramenta do aviso direto: a movimenta\u00e7\u00e3o de rua.<\/p>\n<p style=\"text-align: justify;\">No Brasil, a organicidade social \u00e9 um dos mais interessantes fen\u00f4menos da contemporaneidade. Significa que as massas d\u2019outrora est\u00e3o dando lugar a grupos, setores, n\u00facleos, alas, que passam a agir em defesa de seus interesses. A isso chamo de poder centr\u00edpeto, que vem das margens e vai at\u00e9 os centros, os poderes constitu\u00eddos. Essa for\u00e7a centr\u00edpeta, de l\u00e1 para c\u00e1, \u00e9 o novo desenho dos poderes da Na\u00e7\u00e3o. E quem quiser ter sucesso na pol\u00edtica, n\u00e3o pode desprezar tal sinaliza\u00e7\u00e3o.<\/p>\n<p style=\"text-align: justify;\">O Brasil, mesmo que se reconhe\u00e7a a preval\u00eancia de padr\u00f5es tradicionais \u2013 o grupismo, o mandonismo \u2013 caminha, a passos lentos, por\u00e9m, graduais, na dire\u00e7\u00e3o da esfera racional. Que tem na autonomia um dos seus motores. Autonomia quer significar capacidade de o cidad\u00e3o decidir, sem se valer da influ\u00eancia de outros. Claro, a equa\u00e7\u00e3o BO+BA+CO+CA (Bolso, Barriga, Cora\u00e7\u00e3o, Cabe\u00e7a) poder\u00e1 influenciar o voto. Devemos reconhecer: j\u00e1 teve mais for\u00e7a no passado.<\/p>\n<p style=\"text-align: justify;\">Hoje, coisas como a Carta aos Brasileiros, harmonia social, desenvolvimento, paz, seguran\u00e7a, igualdade, educa\u00e7\u00e3o, sa\u00fade, mobilidade urbana, habita\u00e7\u00e3o, conseguem chegar aos ouvidos do an\u00f4nimo escondido na multid\u00e3o. Que eleva sua condi\u00e7\u00e3o de cidadania e sabe distinguir trolol\u00f3s de compromissos s\u00e9rios.<\/p>\n<p style=\"text-align: justify;\">Rezemos um Pai Nosso!<\/p>\n","protected":false},"excerpt":{"rendered":"<p>O mspontocom publica semanalmente artigo do professor Gaud\u00eancio Torquato. Torquato \u00e9 jornalista, escritor, professor titular da USP e consultor pol\u00edtico Twitter@gaudtorquato &nbsp; Abro este texto sob as primeiras impress\u00f5es do evento no sal\u00e3o nobre da Faculdade de Direito da USP, no Largo de S\u00e3o Francisco, onde o ex-ministro da Justi\u00e7a, Jos\u00e9 Carlos Dias, leu, dia [&hellip;]<\/p>\n","protected":false},"author":2,"featured_media":173405,"comment_status":"open","ping_status":"open","sticky":false,"template":"","format":"standard","meta":{"_monsterinsights_skip_tracking":false,"_monsterinsights_sitenote_active":false,"_monsterinsights_sitenote_note":"","_monsterinsights_sitenote_category":0},"categories":[12],"tags":[17132,34523],"aioseo_notices":[],"_links":{"self":[{"href":"https:\/\/mspontocom.com.br\/site\/wp-json\/wp\/v2\/posts\/173404"}],"collection":[{"href":"https:\/\/mspontocom.com.br\/site\/wp-json\/wp\/v2\/posts"}],"about":[{"href":"https:\/\/mspontocom.com.br\/site\/wp-json\/wp\/v2\/types\/post"}],"author":[{"embeddable":true,"href":"https:\/\/mspontocom.com.br\/site\/wp-json\/wp\/v2\/users\/2"}],"replies":[{"embeddable":true,"href":"https:\/\/mspontocom.com.br\/site\/wp-json\/wp\/v2\/comments?post=173404"}],"version-history":[{"count":1,"href":"https:\/\/mspontocom.com.br\/site\/wp-json\/wp\/v2\/posts\/173404\/revisions"}],"predecessor-version":[{"id":173406,"href":"https:\/\/mspontocom.com.br\/site\/wp-json\/wp\/v2\/posts\/173404\/revisions\/173406"}],"wp:featuredmedia":[{"embeddable":true,"href":"https:\/\/mspontocom.com.br\/site\/wp-json\/wp\/v2\/media\/173405"}],"wp:attachment":[{"href":"https:\/\/mspontocom.com.br\/site\/wp-json\/wp\/v2\/media?parent=173404"}],"wp:term":[{"taxonomy":"category","embeddable":true,"href":"https:\/\/mspontocom.com.br\/site\/wp-json\/wp\/v2\/categories?post=173404"},{"taxonomy":"post_tag","embeddable":true,"href":"https:\/\/mspontocom.com.br\/site\/wp-json\/wp\/v2\/tags?post=173404"}],"curies":[{"name":"wp","href":"https:\/\/api.w.org\/{rel}","templated":true}]}}