{"id":173439,"date":"2022-08-17T05:15:54","date_gmt":"2022-08-17T09:15:54","guid":{"rendered":"https:\/\/mspontocom.com.br\/site\/?p=173439"},"modified":"2022-08-17T07:47:40","modified_gmt":"2022-08-17T11:47:40","slug":"luciano-hang-divulga-canal-para-lives-em-apoio-a-bolsonaro","status":"publish","type":"post","link":"https:\/\/mspontocom.com.br\/site\/luciano-hang-divulga-canal-para-lives-em-apoio-a-bolsonaro\/","title":{"rendered":"Luciano Hang divulga canal para lives em apoio a Bolsonaro"},"content":{"rendered":"<p style=\"text-align: justify;\"><img loading=\"lazy\" class=\"alignnone size-medium wp-image-173441\" src=\"https:\/\/mspontocom.com.br\/site\/wp-content\/uploads\/2022\/08\/site-luciano-hang-divulga-canal-para-lives-em-apoio-a-bolsonaro-hang-e1660736777962-260x188.jpg\" alt=\"\" width=\"260\" height=\"188\" srcset=\"https:\/\/mspontocom.com.br\/site\/wp-content\/uploads\/2022\/08\/site-luciano-hang-divulga-canal-para-lives-em-apoio-a-bolsonaro-hang-e1660736777962-260x188.jpg 260w, https:\/\/mspontocom.com.br\/site\/wp-content\/uploads\/2022\/08\/site-luciano-hang-divulga-canal-para-lives-em-apoio-a-bolsonaro-hang-e1660736777962-1024x742.jpg 1024w, https:\/\/mspontocom.com.br\/site\/wp-content\/uploads\/2022\/08\/site-luciano-hang-divulga-canal-para-lives-em-apoio-a-bolsonaro-hang-e1660736777962-768x557.jpg 768w, https:\/\/mspontocom.com.br\/site\/wp-content\/uploads\/2022\/08\/site-luciano-hang-divulga-canal-para-lives-em-apoio-a-bolsonaro-hang-e1660736777962.jpg 1148w\" sizes=\"(max-width: 260px) 100vw, 260px\" \/><\/p>\n<p style=\"text-align: justify;\">Nesta ter\u00e7a-feira, o empres\u00e1rio<strong> Luciano Hang,<\/strong> dono da Havan, fez uma live para declarar apoio ao presidente <strong>Jair Bolsonaro,<\/strong> que concorre \u00e0 reelei\u00e7\u00e3o.<\/p>\n<p><strong><span style=\"color: #ff0000;\">Essa foi a primeira live, mas Luciano garantiu que durante os pr\u00f3ximos 45 dias far\u00e1 outras transmiss\u00f5es em suas redes sociais <\/span>@lucianohangbr<\/strong>.<\/p>\n<p style=\"text-align: justify;\">Segundo o empres\u00e1rio, esta ser\u00e1 a elei\u00e7\u00e3o mais importante da hist\u00f3ria do Brasil.<\/p>\n<p style=\"text-align: justify;\">\u201cO que fizermos neste ano vai nos levar para o c\u00e9u ou inferno. \u00c9 a luta do bem contra o mal. Estou entusiasmado e tenho certeza que vamos vencer no primeiro turno\u201d, afirmou.<\/p>\n<p style=\"text-align: justify;\">Ele lembra que h\u00e1 quatro anos, quando se tornou um ativista pol\u00edtico, fez uma amizade muito grande ao apoiar o presidente nas elei\u00e7\u00f5es de 2018.<\/p>\n<p style=\"text-align: justify;\">\u201cFiz um trabalho que conquistou muitos eleitores, espero fazer o mesmo em 2022\u201d.<\/p>\n<p style=\"text-align: justify;\">Hang apresentou diversos dados ao p\u00fablico e enfatizou que o que est\u00e1 em jogo \u00e9 a liberdade do cidad\u00e3o.<\/p>\n<p style=\"text-align: justify;\">Num comparativo entre as gest\u00f5es da esquerda com os quatro anos de Jair Bolsonaro, o empres\u00e1rio diz que o que se viu durante os 14 anos do PT foi caos, pobreza, burocracias, corrup\u00e7\u00e3o, viol\u00eancia, inseguran\u00e7a, crise e apoio a ditaduras de outros pa\u00edses.<\/p>\n<p style=\"text-align: justify;\">Respondendo a perguntas do p\u00fablico que acompanhou a live, Luciano falou da camisa verde e amarela, feita em mar\u00e7o de 2018, que tamb\u00e9m se tornou uniforme dos colaboradores Havan, com a mensagem:<\/p>\n<p style=\"text-align: justify;\">\u201cO Brasil que queremos s\u00f3 depende de n\u00f3s\u201d. \u201cTemos que ter isso sempre em mente, para termos o pa\u00eds que queremos depende de mim, de voc\u00ea, de todos n\u00f3s. Vamos trabalhar, conversar com quem ainda est\u00e1 em d\u00favida, porque tenho certeza que todos queremos um futuro melhor para toda a fam\u00edlia. Vamos lutar at\u00e9 o \u00faltimo minuto para vencermos no primeiro turno. \u00c9 Jair de novo, \u00e9 22\u201d, finalizou.<\/p>\n<p style=\"text-align: justify;\">\n","protected":false},"excerpt":{"rendered":"<p>Nesta ter\u00e7a-feira, o empres\u00e1rio Luciano Hang, dono da Havan, fez uma live para declarar apoio ao presidente Jair Bolsonaro, que concorre \u00e0 reelei\u00e7\u00e3o. Essa foi a primeira live, mas Luciano garantiu que durante os pr\u00f3ximos 45 dias far\u00e1 outras transmiss\u00f5es em suas redes sociais @lucianohangbr. Segundo o empres\u00e1rio, esta ser\u00e1 a elei\u00e7\u00e3o mais importante da [&hellip;]<\/p>\n","protected":false},"author":2,"featured_media":173441,"comment_status":"open","ping_status":"open","sticky":false,"template":"","format":"standard","meta":{"_monsterinsights_skip_tracking":false,"_monsterinsights_sitenote_active":false,"_monsterinsights_sitenote_note":"","_monsterinsights_sitenote_category":0},"categories":[12],"tags":[3546,21017,35307,33172],"aioseo_notices":[],"_links":{"self":[{"href":"https:\/\/mspontocom.com.br\/site\/wp-json\/wp\/v2\/posts\/173439"}],"collection":[{"href":"https:\/\/mspontocom.com.br\/site\/wp-json\/wp\/v2\/posts"}],"about":[{"href":"https:\/\/mspontocom.com.br\/site\/wp-json\/wp\/v2\/types\/post"}],"author":[{"embeddable":true,"href":"https:\/\/mspontocom.com.br\/site\/wp-json\/wp\/v2\/users\/2"}],"replies":[{"embeddable":true,"href":"https:\/\/mspontocom.com.br\/site\/wp-json\/wp\/v2\/comments?post=173439"}],"version-history":[{"count":2,"href":"https:\/\/mspontocom.com.br\/site\/wp-json\/wp\/v2\/posts\/173439\/revisions"}],"predecessor-version":[{"id":173442,"href":"https:\/\/mspontocom.com.br\/site\/wp-json\/wp\/v2\/posts\/173439\/revisions\/173442"}],"wp:featuredmedia":[{"embeddable":true,"href":"https:\/\/mspontocom.com.br\/site\/wp-json\/wp\/v2\/media\/173441"}],"wp:attachment":[{"href":"https:\/\/mspontocom.com.br\/site\/wp-json\/wp\/v2\/media?parent=173439"}],"wp:term":[{"taxonomy":"category","embeddable":true,"href":"https:\/\/mspontocom.com.br\/site\/wp-json\/wp\/v2\/categories?post=173439"},{"taxonomy":"post_tag","embeddable":true,"href":"https:\/\/mspontocom.com.br\/site\/wp-json\/wp\/v2\/tags?post=173439"}],"curies":[{"name":"wp","href":"https:\/\/api.w.org\/{rel}","templated":true}]}}