{"id":173481,"date":"2022-08-19T06:11:10","date_gmt":"2022-08-19T10:11:10","guid":{"rendered":"https:\/\/mspontocom.com.br\/site\/?p=173481"},"modified":"2022-08-19T06:11:10","modified_gmt":"2022-08-19T10:11:10","slug":"apoiadores-de-bolsonaro-vao-usar-programa-eleitoral-para-aticar-antipetismo","status":"publish","type":"post","link":"https:\/\/mspontocom.com.br\/site\/apoiadores-de-bolsonaro-vao-usar-programa-eleitoral-para-aticar-antipetismo\/","title":{"rendered":"Apoiadores de Bolsonaro v\u00e3o usar programa eleitoral para ati\u00e7ar antipetismo"},"content":{"rendered":"<p style=\"text-align: justify;\"><img loading=\"lazy\" class=\"alignnone size-medium wp-image-173487\" src=\"https:\/\/mspontocom.com.br\/site\/wp-content\/uploads\/2022\/08\/site-apoiadores-de-bolsonaro-vao-usar-programa-eleitoral-para-aticar-antipetismo-anti-260x184.webp\" alt=\"\" width=\"260\" height=\"184\" srcset=\"https:\/\/mspontocom.com.br\/site\/wp-content\/uploads\/2022\/08\/site-apoiadores-de-bolsonaro-vao-usar-programa-eleitoral-para-aticar-antipetismo-anti-260x184.webp 260w, https:\/\/mspontocom.com.br\/site\/wp-content\/uploads\/2022\/08\/site-apoiadores-de-bolsonaro-vao-usar-programa-eleitoral-para-aticar-antipetismo-anti.webp 748w\" sizes=\"(max-width: 260px) 100vw, 260px\" \/><\/p>\n<p style=\"text-align: justify;\">A equipe de <strong>Jair Bolsonaro<\/strong> espera reagir ao acionar o <strong>antipetismo<\/strong> nos programas eleitorais na TV, a partir de 26 de agosto.<\/p>\n<p style=\"text-align: justify;\">A ideia \u00e9 relembrar esc\u00e2ndalos de corrup\u00e7\u00e3o e instalar na cabe\u00e7a do eleitor a d\u00favida sobre por que trocar <strong>Bolsonaro<\/strong> agora, j\u00e1 que come\u00e7am a surtir efeito as a\u00e7\u00f5es do governo na economia.<\/p>\n<p style=\"text-align: justify;\">O ministro-chefe da Casa Civil, Ciro Nogueira, voltou a criticar o PT\u00a0 nesta 5\u00aa feira.<\/p>\n<p style=\"text-align: justify;\">Em seu perfil no <strong>Twitter<\/strong>, disse que o antipetismo \u201csempre existiu e nunca vai acabar\u201d.<\/p>\n<p style=\"text-align: justify;\">Comparou o antibolsonarismo a uma \u201calergia\u201d. Em paralelo, associou o sentimento contra o PT a uma \u201cepidemia\u201d<\/p>\n<p style=\"text-align: justify;\">\n","protected":false},"excerpt":{"rendered":"<p>A equipe de Jair Bolsonaro espera reagir ao acionar o antipetismo nos programas eleitorais na TV, a partir de 26 de agosto. A ideia \u00e9 relembrar esc\u00e2ndalos de corrup\u00e7\u00e3o e instalar na cabe\u00e7a do eleitor a d\u00favida sobre por que trocar Bolsonaro agora, j\u00e1 que come\u00e7am a surtir efeito as a\u00e7\u00f5es do governo na economia. [&hellip;]<\/p>\n","protected":false},"author":2,"featured_media":173487,"comment_status":"open","ping_status":"open","sticky":false,"template":"","format":"standard","meta":{"_monsterinsights_skip_tracking":false,"_monsterinsights_sitenote_active":false,"_monsterinsights_sitenote_note":"","_monsterinsights_sitenote_category":0},"categories":[30260,30259,12],"tags":[38336,29093,21017,1096],"aioseo_notices":[],"_links":{"self":[{"href":"https:\/\/mspontocom.com.br\/site\/wp-json\/wp\/v2\/posts\/173481"}],"collection":[{"href":"https:\/\/mspontocom.com.br\/site\/wp-json\/wp\/v2\/posts"}],"about":[{"href":"https:\/\/mspontocom.com.br\/site\/wp-json\/wp\/v2\/types\/post"}],"author":[{"embeddable":true,"href":"https:\/\/mspontocom.com.br\/site\/wp-json\/wp\/v2\/users\/2"}],"replies":[{"embeddable":true,"href":"https:\/\/mspontocom.com.br\/site\/wp-json\/wp\/v2\/comments?post=173481"}],"version-history":[{"count":2,"href":"https:\/\/mspontocom.com.br\/site\/wp-json\/wp\/v2\/posts\/173481\/revisions"}],"predecessor-version":[{"id":173488,"href":"https:\/\/mspontocom.com.br\/site\/wp-json\/wp\/v2\/posts\/173481\/revisions\/173488"}],"wp:featuredmedia":[{"embeddable":true,"href":"https:\/\/mspontocom.com.br\/site\/wp-json\/wp\/v2\/media\/173487"}],"wp:attachment":[{"href":"https:\/\/mspontocom.com.br\/site\/wp-json\/wp\/v2\/media?parent=173481"}],"wp:term":[{"taxonomy":"category","embeddable":true,"href":"https:\/\/mspontocom.com.br\/site\/wp-json\/wp\/v2\/categories?post=173481"},{"taxonomy":"post_tag","embeddable":true,"href":"https:\/\/mspontocom.com.br\/site\/wp-json\/wp\/v2\/tags?post=173481"}],"curies":[{"name":"wp","href":"https:\/\/api.w.org\/{rel}","templated":true}]}}