{"id":173510,"date":"2022-08-20T07:08:25","date_gmt":"2022-08-20T11:08:25","guid":{"rendered":"https:\/\/mspontocom.com.br\/site\/?p=173510"},"modified":"2022-08-20T07:08:25","modified_gmt":"2022-08-20T11:08:25","slug":"lula-nao-sai-as-ruas-e-tambem-foge-de-sabatina-na-jovem-pan","status":"publish","type":"post","link":"https:\/\/mspontocom.com.br\/site\/lula-nao-sai-as-ruas-e-tambem-foge-de-sabatina-na-jovem-pan\/","title":{"rendered":"Lula n\u00e3o sai \u00e0s ruas e tamb\u00e9m &#8220;foge&#8221; de sabatina na Jovem Pan"},"content":{"rendered":"<p style=\"text-align: justify;\"><img loading=\"lazy\" class=\"alignnone size-medium wp-image-173520\" src=\"https:\/\/mspontocom.com.br\/site\/wp-content\/uploads\/2022\/08\/site-lula-nao-sai-as-ruas-e-tambem-foge-de-sabatina-na-jovem-pan-site-lula-260x151.jpg\" alt=\"\" width=\"260\" height=\"151\" srcset=\"https:\/\/mspontocom.com.br\/site\/wp-content\/uploads\/2022\/08\/site-lula-nao-sai-as-ruas-e-tambem-foge-de-sabatina-na-jovem-pan-site-lula-260x151.jpg 260w, https:\/\/mspontocom.com.br\/site\/wp-content\/uploads\/2022\/08\/site-lula-nao-sai-as-ruas-e-tambem-foge-de-sabatina-na-jovem-pan-site-lula-768x445.jpg 768w, https:\/\/mspontocom.com.br\/site\/wp-content\/uploads\/2022\/08\/site-lula-nao-sai-as-ruas-e-tambem-foge-de-sabatina-na-jovem-pan-site-lula.jpg 833w\" sizes=\"(max-width: 260px) 100vw, 260px\" \/><\/p>\n<p style=\"text-align: justify;\">O ex-presidente Lula n\u00e3o ir\u00e1 participar da s\u00e9rie de sabatinas com os candidatos \u00e0\u00a0<strong>Presid\u00eancia da Rep\u00fablica<\/strong> realizada pela Jovem Pan.<\/p>\n<p style=\"text-align: justify;\"><b> <\/b>A entrevista com o petista estava marcada para a pr\u00f3xima quarta-feira, 24, durante o\u00a0<strong>Jornal da Manh\u00e3<\/strong>.<\/p>\n<p style=\"text-align: justify;\">A Jovem Pan convidou os candidatos mais bem colocados nas pesquisas de inten\u00e7\u00e3o de voto para participar d.a sabatina, e o sorteio das datas foi realizado na presen\u00e7a de representantes da campanha de cada partido.<\/p>\n<p style=\"text-align: justify;\">O presidente <strong>Jair Bolsonaro (PL)<\/strong> confirmou a sua participa\u00e7\u00e3o na entrevista na segunda-feira, 29.<\/p>\n<p style=\"text-align: justify;\">\u201cA Jovem Pan lamenta a decis\u00e3o do candidato Luiz In\u00e1cio Lula da Silva, do PT, que optou por n\u00e3o participar da sabatina no Jornal da Manh\u00e3. Esta seria para ele, como ser\u00e1 para os demais candidatos que vir\u00e3o, uma excelente oportunidade para defender suas ideias e esclarecer temas relevantes para os eleitores. O convite permanece v\u00e1lido\u201d, informou a dire\u00e7\u00e3o de jornalismo da emissora.<\/p>\n<p style=\"text-align: justify;\">\n","protected":false},"excerpt":{"rendered":"<p>O ex-presidente Lula n\u00e3o ir\u00e1 participar da s\u00e9rie de sabatinas com os candidatos \u00e0\u00a0Presid\u00eancia da Rep\u00fablica realizada pela Jovem Pan. A entrevista com o petista estava marcada para a pr\u00f3xima quarta-feira, 24, durante o\u00a0Jornal da Manh\u00e3. A Jovem Pan convidou os candidatos mais bem colocados nas pesquisas de inten\u00e7\u00e3o de voto para participar d.a sabatina, [&hellip;]<\/p>\n","protected":false},"author":2,"featured_media":173520,"comment_status":"open","ping_status":"open","sticky":false,"template":"","format":"standard","meta":{"_monsterinsights_skip_tracking":false,"_monsterinsights_sitenote_active":false,"_monsterinsights_sitenote_note":"","_monsterinsights_sitenote_category":0},"categories":[30260,30259,12],"tags":[38198,37815,480,21909],"aioseo_notices":[],"_links":{"self":[{"href":"https:\/\/mspontocom.com.br\/site\/wp-json\/wp\/v2\/posts\/173510"}],"collection":[{"href":"https:\/\/mspontocom.com.br\/site\/wp-json\/wp\/v2\/posts"}],"about":[{"href":"https:\/\/mspontocom.com.br\/site\/wp-json\/wp\/v2\/types\/post"}],"author":[{"embeddable":true,"href":"https:\/\/mspontocom.com.br\/site\/wp-json\/wp\/v2\/users\/2"}],"replies":[{"embeddable":true,"href":"https:\/\/mspontocom.com.br\/site\/wp-json\/wp\/v2\/comments?post=173510"}],"version-history":[{"count":2,"href":"https:\/\/mspontocom.com.br\/site\/wp-json\/wp\/v2\/posts\/173510\/revisions"}],"predecessor-version":[{"id":173521,"href":"https:\/\/mspontocom.com.br\/site\/wp-json\/wp\/v2\/posts\/173510\/revisions\/173521"}],"wp:featuredmedia":[{"embeddable":true,"href":"https:\/\/mspontocom.com.br\/site\/wp-json\/wp\/v2\/media\/173520"}],"wp:attachment":[{"href":"https:\/\/mspontocom.com.br\/site\/wp-json\/wp\/v2\/media?parent=173510"}],"wp:term":[{"taxonomy":"category","embeddable":true,"href":"https:\/\/mspontocom.com.br\/site\/wp-json\/wp\/v2\/categories?post=173510"},{"taxonomy":"post_tag","embeddable":true,"href":"https:\/\/mspontocom.com.br\/site\/wp-json\/wp\/v2\/tags?post=173510"}],"curies":[{"name":"wp","href":"https:\/\/api.w.org\/{rel}","templated":true}]}}