{"id":173534,"date":"2022-08-21T07:01:18","date_gmt":"2022-08-21T11:01:18","guid":{"rendered":"https:\/\/mspontocom.com.br\/site\/?p=173534"},"modified":"2022-08-21T07:01:18","modified_gmt":"2022-08-21T11:01:18","slug":"banqueiros-nao-romperam-com-bolsonaro-diz-vice-presidente-do-bradesco","status":"publish","type":"post","link":"https:\/\/mspontocom.com.br\/site\/banqueiros-nao-romperam-com-bolsonaro-diz-vice-presidente-do-bradesco\/","title":{"rendered":"Banqueiros n\u00e3o romperam com Bolsonaro, diz vice-presidente do Bradesco"},"content":{"rendered":"<p><img loading=\"lazy\" class=\"size-medium wp-image-173539\" src=\"https:\/\/mspontocom.com.br\/site\/wp-content\/uploads\/2022\/08\/site-bolsonaro-sorrindo-260x195.jpg\" alt=\"\" width=\"260\" height=\"195\" srcset=\"https:\/\/mspontocom.com.br\/site\/wp-content\/uploads\/2022\/08\/site-bolsonaro-sorrindo-260x195.jpg 260w, https:\/\/mspontocom.com.br\/site\/wp-content\/uploads\/2022\/08\/site-bolsonaro-sorrindo-768x576.jpg 768w, https:\/\/mspontocom.com.br\/site\/wp-content\/uploads\/2022\/08\/site-bolsonaro-sorrindo.jpg 1024w\" sizes=\"(max-width: 260px) 100vw, 260px\" \/><\/p>\n<p style=\"text-align: justify;\">O vice-presidente do <strong>Banco Bradesco,<\/strong> Andr\u00e9 Rodrigues Cano, afirmou que n\u00e3o existe qualquer tipo de rompimento na rela\u00e7\u00e3o entre banqueiros e o presidente da Rep\u00fablica,<strong> Jair Bolsonaro<\/strong> (PL).<\/p>\n<p style=\"text-align: justify;\">A fala ocorreu durante evento realizado pelo grupo empresarial Esfera Brasil em S\u00e3o Paulo.<\/p>\n<p style=\"text-align: justify;\">No evento, um grupo de jornalistas estrangeiros perguntou ao vice-presidente do Bradesco se o empresariado iria acompanhar Bolsonaro como ocorreu na elei\u00e7\u00e3o anterior.<\/p>\n<p style=\"text-align: justify;\">\u201cN\u00e3o sei dizer. Falo pela minha empresa, o Bradesco. N\u00e3o temos qualquer tend\u00eancia pol\u00edtica\u201d, disse Cano.<\/p>\n<p style=\"text-align: justify;\">\u201d O grupo tamb\u00e9m perguntou se o empresariado havia rompido com Bolsonaro.<\/p>\n<p style=\"text-align: justify;\"><strong>\u201cN\u00e3o rompeu\u201d<\/strong>, afirmou Cano. \u201c<strong>Ele inclusive esteve na Febraban recentemente, foi muito bem recebido, tratou todo mundo bem. N\u00e3o h\u00e1 qualquer tipo de rompimento\u201d.<\/strong><\/p>\n<p style=\"text-align: justify;\">\n","protected":false},"excerpt":{"rendered":"<p>O vice-presidente do Banco Bradesco, Andr\u00e9 Rodrigues Cano, afirmou que n\u00e3o existe qualquer tipo de rompimento na rela\u00e7\u00e3o entre banqueiros e o presidente da Rep\u00fablica, Jair Bolsonaro (PL). A fala ocorreu durante evento realizado pelo grupo empresarial Esfera Brasil em S\u00e3o Paulo. No evento, um grupo de jornalistas estrangeiros perguntou ao vice-presidente do Bradesco se [&hellip;]<\/p>\n","protected":false},"author":2,"featured_media":173539,"comment_status":"open","ping_status":"open","sticky":false,"template":"","format":"standard","meta":{"_monsterinsights_skip_tracking":false,"_monsterinsights_sitenote_active":false,"_monsterinsights_sitenote_note":"","_monsterinsights_sitenote_category":0},"categories":[30260,30259,12],"tags":[4559,21017,2953,24284],"aioseo_notices":[],"_links":{"self":[{"href":"https:\/\/mspontocom.com.br\/site\/wp-json\/wp\/v2\/posts\/173534"}],"collection":[{"href":"https:\/\/mspontocom.com.br\/site\/wp-json\/wp\/v2\/posts"}],"about":[{"href":"https:\/\/mspontocom.com.br\/site\/wp-json\/wp\/v2\/types\/post"}],"author":[{"embeddable":true,"href":"https:\/\/mspontocom.com.br\/site\/wp-json\/wp\/v2\/users\/2"}],"replies":[{"embeddable":true,"href":"https:\/\/mspontocom.com.br\/site\/wp-json\/wp\/v2\/comments?post=173534"}],"version-history":[{"count":3,"href":"https:\/\/mspontocom.com.br\/site\/wp-json\/wp\/v2\/posts\/173534\/revisions"}],"predecessor-version":[{"id":173541,"href":"https:\/\/mspontocom.com.br\/site\/wp-json\/wp\/v2\/posts\/173534\/revisions\/173541"}],"wp:featuredmedia":[{"embeddable":true,"href":"https:\/\/mspontocom.com.br\/site\/wp-json\/wp\/v2\/media\/173539"}],"wp:attachment":[{"href":"https:\/\/mspontocom.com.br\/site\/wp-json\/wp\/v2\/media?parent=173534"}],"wp:term":[{"taxonomy":"category","embeddable":true,"href":"https:\/\/mspontocom.com.br\/site\/wp-json\/wp\/v2\/categories?post=173534"},{"taxonomy":"post_tag","embeddable":true,"href":"https:\/\/mspontocom.com.br\/site\/wp-json\/wp\/v2\/tags?post=173534"}],"curies":[{"name":"wp","href":"https:\/\/api.w.org\/{rel}","templated":true}]}}