{"id":173548,"date":"2022-08-22T18:15:53","date_gmt":"2022-08-22T22:15:53","guid":{"rendered":"https:\/\/mspontocom.com.br\/site\/?p=173548"},"modified":"2022-08-22T15:47:14","modified_gmt":"2022-08-22T19:47:14","slug":"pastores-com-50-milhoes-de-seguidores-dao-palanque-a-bolsonaro-nas-redes-sociais","status":"publish","type":"post","link":"https:\/\/mspontocom.com.br\/site\/pastores-com-50-milhoes-de-seguidores-dao-palanque-a-bolsonaro-nas-redes-sociais\/","title":{"rendered":"Pastores com 50 milh\u00f5es de seguidores d\u00e3o palanque a Bolsonaro nas redes sociais"},"content":{"rendered":"<p style=\"text-align: justify;\"><img loading=\"lazy\" class=\"alignnone size-medium wp-image-173557\" src=\"https:\/\/mspontocom.com.br\/site\/wp-content\/uploads\/2022\/08\/site-pastores-com-50-milhoes-de-seguidores-dao-palanque-a-bolsonaro-nas-redes-sociais-evan-260x173.jpg\" alt=\"\" width=\"260\" height=\"173\" srcset=\"https:\/\/mspontocom.com.br\/site\/wp-content\/uploads\/2022\/08\/site-pastores-com-50-milhoes-de-seguidores-dao-palanque-a-bolsonaro-nas-redes-sociais-evan-260x173.jpg 260w, https:\/\/mspontocom.com.br\/site\/wp-content\/uploads\/2022\/08\/site-pastores-com-50-milhoes-de-seguidores-dao-palanque-a-bolsonaro-nas-redes-sociais-evan.jpg 768w\" sizes=\"(max-width: 260px) 100vw, 260px\" \/><\/p>\n<p style=\"text-align: justify;\">Pastores com<strong> 50 milh\u00f5es de seguidores no Instagram, Facebook e Twitter<\/strong> d\u00e3o palanque virtual a <strong>Jair Bolsonaro. <\/strong><\/p>\n<p style=\"text-align: justify;\">Juntos, os dez maiores l\u00edderes religiosos apoiadores do presidente ecoam mensagens da luta do \u201cbem\u201d contra o \u201cmal\u201d e de uma \u201cguerra\u201d, em sintonia com o discurso do presidente.<\/p>\n<p style=\"text-align: justify;\">Dos l\u00edderes religiosos identificados pelo\u00a0<strong>Estad\u00e3o<\/strong>, tr\u00eas deles, com 23,3 milh\u00f5es de seguidores, fazem em v\u00eddeo convoca\u00e7\u00e3o expl\u00edcita para os <strong>atos de 7 de Setembro. <\/strong><\/p>\n<p style=\"text-align: justify;\">Na grava\u00e7\u00e3o, um locutor repete os bord\u00f5es bolsonaristas \u201cDeus, p\u00e1tria, fam\u00edlia e liberdade\u201d e \u201cnossa bandeira jamais ser\u00e1 vermelha\u201d.<\/p>\n<p style=\"text-align: justify;\">Em per\u00edodo eleitoral, o apoio de pastores \u00e9 valioso.<\/p>\n<p style=\"text-align: justify;\">A miss\u00e3o, segundo eles, \u00e9 \u201csalvar\u201d o Pa\u00eds.<\/p>\n<p style=\"text-align: justify;\">A prega\u00e7\u00e3o foi publicada no Instagram, rede na qual o l\u00edder tem 5,3 milh\u00f5es de seguidores.<\/p>\n<p>fonte:\u00a0 Davi Medeiros, Gustavo Queiroz e Levy Teles, O Estad\u00e3o<\/p>\n","protected":false},"excerpt":{"rendered":"<p>Pastores com 50 milh\u00f5es de seguidores no Instagram, Facebook e Twitter d\u00e3o palanque virtual a Jair Bolsonaro. Juntos, os dez maiores l\u00edderes religiosos apoiadores do presidente ecoam mensagens da luta do \u201cbem\u201d contra o \u201cmal\u201d e de uma \u201cguerra\u201d, em sintonia com o discurso do presidente. Dos l\u00edderes religiosos identificados pelo\u00a0Estad\u00e3o, tr\u00eas deles, com 23,3 [&hellip;]<\/p>\n","protected":false},"author":2,"featured_media":173557,"comment_status":"open","ping_status":"open","sticky":false,"template":"","format":"standard","meta":{"_monsterinsights_skip_tracking":false,"_monsterinsights_sitenote_active":false,"_monsterinsights_sitenote_note":"","_monsterinsights_sitenote_category":0},"categories":[30260,30259,12],"tags":[38351,21017,38350,2443],"aioseo_notices":[],"_links":{"self":[{"href":"https:\/\/mspontocom.com.br\/site\/wp-json\/wp\/v2\/posts\/173548"}],"collection":[{"href":"https:\/\/mspontocom.com.br\/site\/wp-json\/wp\/v2\/posts"}],"about":[{"href":"https:\/\/mspontocom.com.br\/site\/wp-json\/wp\/v2\/types\/post"}],"author":[{"embeddable":true,"href":"https:\/\/mspontocom.com.br\/site\/wp-json\/wp\/v2\/users\/2"}],"replies":[{"embeddable":true,"href":"https:\/\/mspontocom.com.br\/site\/wp-json\/wp\/v2\/comments?post=173548"}],"version-history":[{"count":4,"href":"https:\/\/mspontocom.com.br\/site\/wp-json\/wp\/v2\/posts\/173548\/revisions"}],"predecessor-version":[{"id":173576,"href":"https:\/\/mspontocom.com.br\/site\/wp-json\/wp\/v2\/posts\/173548\/revisions\/173576"}],"wp:featuredmedia":[{"embeddable":true,"href":"https:\/\/mspontocom.com.br\/site\/wp-json\/wp\/v2\/media\/173557"}],"wp:attachment":[{"href":"https:\/\/mspontocom.com.br\/site\/wp-json\/wp\/v2\/media?parent=173548"}],"wp:term":[{"taxonomy":"category","embeddable":true,"href":"https:\/\/mspontocom.com.br\/site\/wp-json\/wp\/v2\/categories?post=173548"},{"taxonomy":"post_tag","embeddable":true,"href":"https:\/\/mspontocom.com.br\/site\/wp-json\/wp\/v2\/tags?post=173548"}],"curies":[{"name":"wp","href":"https:\/\/api.w.org\/{rel}","templated":true}]}}