{"id":173669,"date":"2022-08-25T05:27:42","date_gmt":"2022-08-25T09:27:42","guid":{"rendered":"https:\/\/mspontocom.com.br\/site\/?p=173669"},"modified":"2022-08-25T05:27:42","modified_gmt":"2022-08-25T09:27:42","slug":"vira-virou-vamos-ganhar-no-1o-turno-diz-bolsonaro","status":"publish","type":"post","link":"https:\/\/mspontocom.com.br\/site\/vira-virou-vamos-ganhar-no-1o-turno-diz-bolsonaro\/","title":{"rendered":"Vira, Virou:  &#8220;Vamos ganhar no 1\u00ba turno&#8221;, diz Bolsonaro"},"content":{"rendered":"<p><img loading=\"lazy\" class=\"size-medium wp-image-173677\" src=\"https:\/\/mspontocom.com.br\/site\/wp-content\/uploads\/2022\/08\/site-vira-virou-vamos-ganhar-no-1o-turno-das-eleicoes-diz-bolsonaro-bolsonaro-sorrindo-260x195.jpg\" alt=\"\" width=\"260\" height=\"195\" srcset=\"https:\/\/mspontocom.com.br\/site\/wp-content\/uploads\/2022\/08\/site-vira-virou-vamos-ganhar-no-1o-turno-das-eleicoes-diz-bolsonaro-bolsonaro-sorrindo-260x195.jpg 260w, https:\/\/mspontocom.com.br\/site\/wp-content\/uploads\/2022\/08\/site-vira-virou-vamos-ganhar-no-1o-turno-das-eleicoes-diz-bolsonaro-bolsonaro-sorrindo-768x576.jpg 768w, https:\/\/mspontocom.com.br\/site\/wp-content\/uploads\/2022\/08\/site-vira-virou-vamos-ganhar-no-1o-turno-das-eleicoes-diz-bolsonaro-bolsonaro-sorrindo.jpg 1024w\" sizes=\"(max-width: 260px) 100vw, 260px\" \/><\/p>\n<p style=\"text-align: justify;\">O presidente <strong>Jair Bolsonaro<\/strong> que vencer\u00e1 a disputa pelo Pal\u00e1cio do Planalto ainda no 1\u00ba turno das elei\u00e7\u00f5es deste ano.<\/p>\n<p style=\"text-align: justify;\"><strong>\u201cVamos sim ganhar no 1\u00ba turno das elei\u00e7\u00f5es\u201d,<\/strong> disse.<\/p>\n<p style=\"text-align: justify;\">Bolsonaro afirmou ainda que o \u201c\u00fanico lugar\u201d em que Lula ganha as elei\u00e7\u00f5es \u00e9 no <strong>Datafolha.<\/strong><\/p>\n<p style=\"text-align: justify;\">Deu a declara\u00e7\u00e3o durante visita a Betim, na regi\u00e3o metropolitana de Belo Horizonte.<\/p>\n<p style=\"text-align: justify;\">O chefe do Executivo tamb\u00e9m convocou seus apoiadores aos atos c\u00edvico-militares de <strong>7 de Setembro. <\/strong><\/p>\n<p style=\"text-align: justify;\">Bolsonaro voltou a fazer cr\u00edticas \u00e0 esquerda e a relacionar o ex-presidente Luiz In\u00e1cio Lula da Silva (PT), seu maior rival na disputa pela Presid\u00eancia, com a Venezuela.<\/p>\n<p style=\"text-align: justify;\">O presidente tamb\u00e9m criticou o governo da ex-presidente<strong> Dilma Rousseff<\/strong> (PT) e a alian\u00e7a de <strong>Lula<\/strong> com <strong>Geraldo Alckmin<\/strong> (PSB), candidato a vice do petista.<\/p>\n<p style=\"text-align: justify;\">\u201cVoc\u00eas sabem que o Alckmin trabalhou pelo impeachment de Dilma, e hoje ele \u00e9 vice do Lula\u201d.<\/p>\n<p style=\"text-align: justify;\">\n","protected":false},"excerpt":{"rendered":"<p>O presidente Jair Bolsonaro que vencer\u00e1 a disputa pelo Pal\u00e1cio do Planalto ainda no 1\u00ba turno das elei\u00e7\u00f5es deste ano. \u201cVamos sim ganhar no 1\u00ba turno das elei\u00e7\u00f5es\u201d, disse. Bolsonaro afirmou ainda que o \u201c\u00fanico lugar\u201d em que Lula ganha as elei\u00e7\u00f5es \u00e9 no Datafolha. Deu a declara\u00e7\u00e3o durante visita a Betim, na regi\u00e3o metropolitana [&hellip;]<\/p>\n","protected":false},"author":2,"featured_media":173677,"comment_status":"open","ping_status":"open","sticky":false,"template":"","format":"standard","meta":{"_monsterinsights_skip_tracking":false,"_monsterinsights_sitenote_active":false,"_monsterinsights_sitenote_note":"","_monsterinsights_sitenote_category":0},"categories":[30260,30259,12],"tags":[32316,21017,8552,1887,27423,480],"aioseo_notices":[],"_links":{"self":[{"href":"https:\/\/mspontocom.com.br\/site\/wp-json\/wp\/v2\/posts\/173669"}],"collection":[{"href":"https:\/\/mspontocom.com.br\/site\/wp-json\/wp\/v2\/posts"}],"about":[{"href":"https:\/\/mspontocom.com.br\/site\/wp-json\/wp\/v2\/types\/post"}],"author":[{"embeddable":true,"href":"https:\/\/mspontocom.com.br\/site\/wp-json\/wp\/v2\/users\/2"}],"replies":[{"embeddable":true,"href":"https:\/\/mspontocom.com.br\/site\/wp-json\/wp\/v2\/comments?post=173669"}],"version-history":[{"count":2,"href":"https:\/\/mspontocom.com.br\/site\/wp-json\/wp\/v2\/posts\/173669\/revisions"}],"predecessor-version":[{"id":173678,"href":"https:\/\/mspontocom.com.br\/site\/wp-json\/wp\/v2\/posts\/173669\/revisions\/173678"}],"wp:featuredmedia":[{"embeddable":true,"href":"https:\/\/mspontocom.com.br\/site\/wp-json\/wp\/v2\/media\/173677"}],"wp:attachment":[{"href":"https:\/\/mspontocom.com.br\/site\/wp-json\/wp\/v2\/media?parent=173669"}],"wp:term":[{"taxonomy":"category","embeddable":true,"href":"https:\/\/mspontocom.com.br\/site\/wp-json\/wp\/v2\/categories?post=173669"},{"taxonomy":"post_tag","embeddable":true,"href":"https:\/\/mspontocom.com.br\/site\/wp-json\/wp\/v2\/tags?post=173669"}],"curies":[{"name":"wp","href":"https:\/\/api.w.org\/{rel}","templated":true}]}}