{"id":173671,"date":"2022-08-25T17:17:39","date_gmt":"2022-08-25T21:17:39","guid":{"rendered":"https:\/\/mspontocom.com.br\/site\/?p=173671"},"modified":"2022-08-25T15:20:06","modified_gmt":"2022-08-25T19:20:06","slug":"uol-antecipa-que-sabatina-de-lula-na-globo-sera-suave","status":"publish","type":"post","link":"https:\/\/mspontocom.com.br\/site\/uol-antecipa-que-sabatina-de-lula-na-globo-sera-suave\/","title":{"rendered":"UOL antecipa que sabatina de Lula na Globo ser\u00e1 suave"},"content":{"rendered":"<p style=\"text-align: justify;\"><img loading=\"lazy\" class=\"alignnone size-medium wp-image-173681\" src=\"https:\/\/mspontocom.com.br\/site\/wp-content\/uploads\/2022\/08\/site-uol-antecipa-que-sabatina-de-lula-na-globo-sera-suave-william-bonner-jn-lula-pt-260x197.jpg\" alt=\"\" width=\"260\" height=\"197\" srcset=\"https:\/\/mspontocom.com.br\/site\/wp-content\/uploads\/2022\/08\/site-uol-antecipa-que-sabatina-de-lula-na-globo-sera-suave-william-bonner-jn-lula-pt-260x197.jpg 260w, https:\/\/mspontocom.com.br\/site\/wp-content\/uploads\/2022\/08\/site-uol-antecipa-que-sabatina-de-lula-na-globo-sera-suave-william-bonner-jn-lula-pt-1024x777.jpg 1024w, https:\/\/mspontocom.com.br\/site\/wp-content\/uploads\/2022\/08\/site-uol-antecipa-que-sabatina-de-lula-na-globo-sera-suave-william-bonner-jn-lula-pt-768x582.jpg 768w, https:\/\/mspontocom.com.br\/site\/wp-content\/uploads\/2022\/08\/site-uol-antecipa-que-sabatina-de-lula-na-globo-sera-suave-william-bonner-jn-lula-pt.jpg 1200w\" sizes=\"(max-width: 260px) 100vw, 260px\" \/><\/p>\n<p style=\"text-align: justify;\">Em participa\u00e7\u00e3o ao<strong> UOL News,<\/strong> o colunista Leonardo Sakamoto falou sobre a ida do ex-presidente Lula, ao<strong> Jornal Nacional<\/strong>, da<strong> TV Globo<\/strong>, hoje (25), \u00e0s 20h30.<\/p>\n<p style=\"text-align: justify;\">Na avalia\u00e7\u00e3o do jornalista, o n\u00edvel de tens\u00e3o da sabatina com o petista deve ser menor do que foi com o presidente <strong>Jair Bolsonaro<\/strong> (PL).<\/p>\n<p style=\"text-align: justify;\">O atual chefe do Executivo foi o primeiro a conceder entrevista ao telejornal mais assistido do pa\u00eds.<\/p>\n<p style=\"text-align: justify;\">O colunista prosseguiu:<\/p>\n<p style=\"text-align: justify;\">&#8220;Acredito que ser\u00e1 um embate interessante, mas \u00e9 mais prov\u00e1vel que o n\u00edvel de tens\u00e3o, contudo, n\u00e3o seja como foi com Bolsonaro. At\u00e9 porque os dois t\u00eam caracter\u00edsticas diferentes&#8221;.<\/p>\n<p style=\"text-align: justify;\"><strong>&#8220;A Globo, o Lula e o Alexandre de Moraes s\u00e3o os tr\u00eas dem\u00f4nios para Bolsonaro.&#8221;<\/strong>. finalizou Sakamoto<\/p>\n","protected":false},"excerpt":{"rendered":"<p>Em participa\u00e7\u00e3o ao UOL News, o colunista Leonardo Sakamoto falou sobre a ida do ex-presidente Lula, ao Jornal Nacional, da TV Globo, hoje (25), \u00e0s 20h30. Na avalia\u00e7\u00e3o do jornalista, o n\u00edvel de tens\u00e3o da sabatina com o petista deve ser menor do que foi com o presidente Jair Bolsonaro (PL). O atual chefe do [&hellip;]<\/p>\n","protected":false},"author":2,"featured_media":173681,"comment_status":"open","ping_status":"open","sticky":false,"template":"","format":"standard","meta":{"_monsterinsights_skip_tracking":false,"_monsterinsights_sitenote_active":false,"_monsterinsights_sitenote_note":"","_monsterinsights_sitenote_category":0},"categories":[30260,30259,12],"tags":[501,480,21909,38365,7322],"aioseo_notices":[],"_links":{"self":[{"href":"https:\/\/mspontocom.com.br\/site\/wp-json\/wp\/v2\/posts\/173671"}],"collection":[{"href":"https:\/\/mspontocom.com.br\/site\/wp-json\/wp\/v2\/posts"}],"about":[{"href":"https:\/\/mspontocom.com.br\/site\/wp-json\/wp\/v2\/types\/post"}],"author":[{"embeddable":true,"href":"https:\/\/mspontocom.com.br\/site\/wp-json\/wp\/v2\/users\/2"}],"replies":[{"embeddable":true,"href":"https:\/\/mspontocom.com.br\/site\/wp-json\/wp\/v2\/comments?post=173671"}],"version-history":[{"count":2,"href":"https:\/\/mspontocom.com.br\/site\/wp-json\/wp\/v2\/posts\/173671\/revisions"}],"predecessor-version":[{"id":173682,"href":"https:\/\/mspontocom.com.br\/site\/wp-json\/wp\/v2\/posts\/173671\/revisions\/173682"}],"wp:featuredmedia":[{"embeddable":true,"href":"https:\/\/mspontocom.com.br\/site\/wp-json\/wp\/v2\/media\/173681"}],"wp:attachment":[{"href":"https:\/\/mspontocom.com.br\/site\/wp-json\/wp\/v2\/media?parent=173671"}],"wp:term":[{"taxonomy":"category","embeddable":true,"href":"https:\/\/mspontocom.com.br\/site\/wp-json\/wp\/v2\/categories?post=173671"},{"taxonomy":"post_tag","embeddable":true,"href":"https:\/\/mspontocom.com.br\/site\/wp-json\/wp\/v2\/tags?post=173671"}],"curies":[{"name":"wp","href":"https:\/\/api.w.org\/{rel}","templated":true}]}}