{"id":173797,"date":"2022-08-28T11:59:06","date_gmt":"2022-08-28T15:59:06","guid":{"rendered":"https:\/\/mspontocom.com.br\/site\/?p=173797"},"modified":"2022-08-28T11:42:58","modified_gmt":"2022-08-28T15:42:58","slug":"dos-presidios-para-a-eleicao-veja-quem-esta-na-disputa","status":"publish","type":"post","link":"https:\/\/mspontocom.com.br\/site\/dos-presidios-para-a-eleicao-veja-quem-esta-na-disputa\/","title":{"rendered":"Dos pres\u00eddios para a elei\u00e7\u00e3o: veja quem est\u00e1 na disputa"},"content":{"rendered":"<p style=\"text-align: justify;\"><img loading=\"lazy\" class=\"alignnone size-medium wp-image-173805\" src=\"https:\/\/mspontocom.com.br\/site\/wp-content\/uploads\/2022\/08\/site-dos-presidios-para-a-eleicao-veja-quem-esta-na-disputa-lula-preso-260x146.jpg\" alt=\"\" width=\"260\" height=\"146\" srcset=\"https:\/\/mspontocom.com.br\/site\/wp-content\/uploads\/2022\/08\/site-dos-presidios-para-a-eleicao-veja-quem-esta-na-disputa-lula-preso-260x146.jpg 260w, https:\/\/mspontocom.com.br\/site\/wp-content\/uploads\/2022\/08\/site-dos-presidios-para-a-eleicao-veja-quem-esta-na-disputa-lula-preso-768x432.jpg 768w, https:\/\/mspontocom.com.br\/site\/wp-content\/uploads\/2022\/08\/site-dos-presidios-para-a-eleicao-veja-quem-esta-na-disputa-lula-preso.jpg 777w\" sizes=\"(max-width: 260px) 100vw, 260px\" \/><\/p>\n<p style=\"text-align: justify;\">A elei\u00e7\u00e3o de 2022 vai ter entre os postulantes aos cargos eletivos, pol\u00edticos que j\u00e1 foram presidi\u00e1rios famosos no pa\u00eds e que, neste ano, voltam a disputar um mandato na pra\u00e7a dos tr\u00eas Poderes.<\/p>\n<p style=\"text-align: justify;\">Al\u00e9m de Lula, que concorre \u00e0 Presid\u00eancia da Rep\u00fablica, a lista deste ano tem entre os famosos que deixaram as celas o ex-deputado Eduardo Cunha, que tenta voltar \u00e0 C\u00e2mara; Roberto Jefferson, que busca a Presid\u00eancia da Rep\u00fablica e Jos\u00e9 Arruda para deputado federal.<\/p>\n<h4 style=\"text-align: justify;\"><span style=\"font-size: 18pt;\">Lula esteve no pres\u00eddio de Curitiba<\/span><\/h4>\n<p style=\"text-align: justify;\">Dos quatro candidatos que j\u00e1 estiveram presos e est\u00e3o na disputa, Lula (PT) \u00e9 o \u00fanico que pode concorrer na elei\u00e7\u00e3o deste ano, sem diverg\u00eancias judiciais.<\/p>\n<p style=\"text-align: justify;\">Entre 2017 e 2019, o ex-presidente Lula foi condenado, por lavagem de dinheiro e corrup\u00e7\u00e3o passiva, em tr\u00eas inst\u00e2ncias, julgado por nove ju\u00edzes, mas em 2021 teve as senten\u00e7as anuladas por Edson Fachin, ministro do Supremo Tribunal Federal (STF), em raz\u00e3o de entendimento de erro processual por incompet\u00eancia de foro.<\/p>\n<p style=\"text-align: justify;\"><span style=\"font-size: 18pt;\"><strong>Eduardo Cunha<\/strong><\/span><\/p>\n<p style=\"text-align: justify;\">Depois de 11 meses de um processo de cassa\u00e7\u00e3o na C\u00e2mara, Cunha perdeu o mandato em 2016 e tornou-se ineleg\u00edvel pela acusa\u00e7\u00e3o de envolvimento em um esquema de propinas e oculta\u00e7\u00e3o de patrim\u00f4nio no exterior.<\/p>\n<p style=\"text-align: justify;\">De volta \u00e0 disputa, ainda que sob risco, Cunha planeja conquistar o p\u00fablico conservador e se tornou apoiador de Jair Bolsonaro (PL). \u201cQuero exercer efetivamente tudo o que acredito\u201d, disse o ex-parlamentar a\u00a0<strong>Oeste<\/strong>. \u201cSou conservador de costumes, liberal na economia e anti PT.\u201d<\/p>\n<h2 style=\"text-align: justify;\">Depois do pres\u00eddio, Roberto Jefferson est\u00e1 em domiciliar<\/h2>\n<p style=\"text-align: justify;\">O ex-deputado federal Roberto Jefferson foi condenado pelo Mensal\u00e3o, em 2012, a sete anos de pris\u00e3o.<\/p>\n<p style=\"text-align: justify;\">Em 2015, Jefferson foi liberado para cumprir a pena em pris\u00e3o domiciliar. No entanto, em mar\u00e7o de 2016, o STF perdoou o ex-parlamentar e outros cinco condenados no Mensal\u00e3o.<\/p>\n<p style=\"text-align: justify;\">J\u00e1 em 2021, Jefferson foi preso preventivamente.<\/p>\n<p style=\"text-align: justify;\">Na semana passada, o TSE decidiu suspender os repasses dos recursos para a campanha do ex-parlamentar.<\/p>\n<h3 style=\"text-align: justify;\"><span style=\"font-size: 18pt;\">Jos\u00e9 Arruda ficou preso em Bras\u00edlia<\/span><\/h3>\n<p style=\"text-align: justify;\">No in\u00edcio deste m\u00eas, o Superior Tribunal de Justi\u00e7a (STJ) restabeleceu a inelegibilidade de Arruda. A decis\u00e3o foi proferida pelo ministro Gurgel de Faria. Com a medida, o ex-governador do Distrito Federal voltou a ficar proibido de concorrer nesta elei\u00e7\u00e3o.<\/p>\n<p style=\"text-align: justify;\">Devido \u00e0s condena\u00e7\u00f5es em segunda inst\u00e2ncia por improbidade administrativa, da \u00e9poca em que esteve no governo do DF, Arruda teve os direitos pol\u00edticos cassados em 2009 e chegou a ser preso no ano seguinte.<\/p>\n<h4 style=\"text-align: justify;\"><span style=\"font-size: 18pt;\">Lula esteve no pres\u00eddio de Curitiba<\/span><\/h4>\n<p style=\"text-align: justify;\">Dos quatro candidatos que j\u00e1 estiveram presos e est\u00e3o na disputa, Lula (PT) \u00e9 o \u00fanico que pode concorrer na elei\u00e7\u00e3o deste ano, sem diverg\u00eancias judiciais.<\/p>\n<p style=\"text-align: justify;\">Entre 2017 e 2019, o ex-presidente Lula foi condenado, por lavagem de dinheiro e corrup\u00e7\u00e3o passiva, em tr\u00eas inst\u00e2ncias, julgado por nove ju\u00edzes, mas em 2021 teve as senten\u00e7as anuladas por Edson Fachin, ministro do Supremo Tribunal Federal (STF), em raz\u00e3o de entendimento de erro processual por incompet\u00eancia de foro.<\/p>\n<p style=\"text-align: justify;\">\n","protected":false},"excerpt":{"rendered":"<p>A elei\u00e7\u00e3o de 2022 vai ter entre os postulantes aos cargos eletivos, pol\u00edticos que j\u00e1 foram presidi\u00e1rios famosos no pa\u00eds e que, neste ano, voltam a disputar um mandato na pra\u00e7a dos tr\u00eas Poderes. Al\u00e9m de Lula, que concorre \u00e0 Presid\u00eancia da Rep\u00fablica, a lista deste ano tem entre os famosos que deixaram as celas [&hellip;]<\/p>\n","protected":false},"author":2,"featured_media":173805,"comment_status":"open","ping_status":"open","sticky":false,"template":"","format":"standard","meta":{"_monsterinsights_skip_tracking":false,"_monsterinsights_sitenote_active":false,"_monsterinsights_sitenote_note":"","_monsterinsights_sitenote_category":0},"categories":[30260,30259,12],"tags":[1887,22290,38378],"aioseo_notices":[],"_links":{"self":[{"href":"https:\/\/mspontocom.com.br\/site\/wp-json\/wp\/v2\/posts\/173797"}],"collection":[{"href":"https:\/\/mspontocom.com.br\/site\/wp-json\/wp\/v2\/posts"}],"about":[{"href":"https:\/\/mspontocom.com.br\/site\/wp-json\/wp\/v2\/types\/post"}],"author":[{"embeddable":true,"href":"https:\/\/mspontocom.com.br\/site\/wp-json\/wp\/v2\/users\/2"}],"replies":[{"embeddable":true,"href":"https:\/\/mspontocom.com.br\/site\/wp-json\/wp\/v2\/comments?post=173797"}],"version-history":[{"count":2,"href":"https:\/\/mspontocom.com.br\/site\/wp-json\/wp\/v2\/posts\/173797\/revisions"}],"predecessor-version":[{"id":173806,"href":"https:\/\/mspontocom.com.br\/site\/wp-json\/wp\/v2\/posts\/173797\/revisions\/173806"}],"wp:featuredmedia":[{"embeddable":true,"href":"https:\/\/mspontocom.com.br\/site\/wp-json\/wp\/v2\/media\/173805"}],"wp:attachment":[{"href":"https:\/\/mspontocom.com.br\/site\/wp-json\/wp\/v2\/media?parent=173797"}],"wp:term":[{"taxonomy":"category","embeddable":true,"href":"https:\/\/mspontocom.com.br\/site\/wp-json\/wp\/v2\/categories?post=173797"},{"taxonomy":"post_tag","embeddable":true,"href":"https:\/\/mspontocom.com.br\/site\/wp-json\/wp\/v2\/tags?post=173797"}],"curies":[{"name":"wp","href":"https:\/\/api.w.org\/{rel}","templated":true}]}}