{"id":173816,"date":"2022-08-29T13:15:26","date_gmt":"2022-08-29T17:15:26","guid":{"rendered":"https:\/\/mspontocom.com.br\/site\/?p=173816"},"modified":"2022-08-29T13:11:30","modified_gmt":"2022-08-29T17:11:30","slug":"para-aliados-desempenho-de-lula-no-debate-foi-ruim","status":"publish","type":"post","link":"https:\/\/mspontocom.com.br\/site\/para-aliados-desempenho-de-lula-no-debate-foi-ruim\/","title":{"rendered":"Para aliados, desempenho de Lula no debate foi ruim"},"content":{"rendered":"<p style=\"text-align: justify;\"><img loading=\"lazy\" class=\"alignnone size-medium wp-image-173828\" src=\"https:\/\/mspontocom.com.br\/site\/wp-content\/uploads\/2022\/08\/site-para-aliados-desempenho-de-lula-no-debate-foi-ruim-lula-01-260x155.jpg\" alt=\"\" width=\"260\" height=\"155\" srcset=\"https:\/\/mspontocom.com.br\/site\/wp-content\/uploads\/2022\/08\/site-para-aliados-desempenho-de-lula-no-debate-foi-ruim-lula-01-260x155.jpg 260w, https:\/\/mspontocom.com.br\/site\/wp-content\/uploads\/2022\/08\/site-para-aliados-desempenho-de-lula-no-debate-foi-ruim-lula-01-768x457.jpg 768w, https:\/\/mspontocom.com.br\/site\/wp-content\/uploads\/2022\/08\/site-para-aliados-desempenho-de-lula-no-debate-foi-ruim-lula-01.jpg 984w\" sizes=\"(max-width: 260px) 100vw, 260px\" \/><\/p>\n<p style=\"text-align: justify;\">T\u00e3o logo o primeiro debate entre os candidatos \u00e0 Presid\u00eancia da Rep\u00fablica encerrou na noite deste domingo, aliados do ex-presidente da Rep\u00fablica e candidato do PT \u00e0 Presid\u00eancia, Luiz In\u00e1cio Lula da Silva, consideraram que o<strong> desempenho do petista foi ruim.<\/strong><\/p>\n<p style=\"text-align: justify;\">Algumas das manifesta\u00e7\u00f5es feitas por aliados trouxeram como problemas as falas cortadas do candidato durante o debate da Band.<\/p>\n<p style=\"text-align: justify;\"><strong>Lula<\/strong> n\u00e3o conseguiu administrar o tempo por mais de duas ocasi\u00f5es, e acabou tendo o microfone cortado.<\/p>\n<p style=\"text-align: justify;\">Lula tamb\u00e9m n\u00e3o se saiu bem, na an\u00e1lise dos aliados, ao n\u00e3o conseguir responder o seu principal advers\u00e1rio, <strong>Jair Bolsonaro<\/strong> (PL), quando foi chamado de<strong> presidi\u00e1rio.\u00a0<\/strong><\/p>\n<div class=\"ad-wrap ad-\" style=\"text-align: justify;\">\n<div id=\"div-gam-materia_2\" class=\"jms-ad\" data-slot-id=\"div-gam-materia_2\">Outro tema que os aliados consideraram ruim para o petista foi com rela\u00e7\u00e3o ao espa\u00e7o para mulheres em um eventual governo, caso ven\u00e7a a elei\u00e7\u00e3o.<\/div>\n<div class=\"jms-ad\" data-slot-id=\"div-gam-materia_2\">A pauta em rela\u00e7\u00e3o \u00e0s mulheres foi uma das principais do debate.<\/div>\n<\/div>\n<p style=\"text-align: justify;\">Aos aliados, a tentativa de Lula de se aproximar de<strong> Ciro Gomes,<\/strong> candidato do PDT, tamb\u00e9m n\u00e3o foi positiva.<\/p>\n<p style=\"text-align: justify;\">Lula acabou sendo chamado por Ciro de <strong>\u201cencantador de serpentes\u201d.<\/strong><\/p>\n","protected":false},"excerpt":{"rendered":"<p>T\u00e3o logo o primeiro debate entre os candidatos \u00e0 Presid\u00eancia da Rep\u00fablica encerrou na noite deste domingo, aliados do ex-presidente da Rep\u00fablica e candidato do PT \u00e0 Presid\u00eancia, Luiz In\u00e1cio Lula da Silva, consideraram que o desempenho do petista foi ruim. Algumas das manifesta\u00e7\u00f5es feitas por aliados trouxeram como problemas as falas cortadas do candidato [&hellip;]<\/p>\n","protected":false},"author":2,"featured_media":173828,"comment_status":"open","ping_status":"open","sticky":false,"template":"","format":"standard","meta":{"_monsterinsights_skip_tracking":false,"_monsterinsights_sitenote_active":false,"_monsterinsights_sitenote_note":"","_monsterinsights_sitenote_category":0},"categories":[30260,30259,12],"tags":[3951,3309,38381,480],"aioseo_notices":[],"_links":{"self":[{"href":"https:\/\/mspontocom.com.br\/site\/wp-json\/wp\/v2\/posts\/173816"}],"collection":[{"href":"https:\/\/mspontocom.com.br\/site\/wp-json\/wp\/v2\/posts"}],"about":[{"href":"https:\/\/mspontocom.com.br\/site\/wp-json\/wp\/v2\/types\/post"}],"author":[{"embeddable":true,"href":"https:\/\/mspontocom.com.br\/site\/wp-json\/wp\/v2\/users\/2"}],"replies":[{"embeddable":true,"href":"https:\/\/mspontocom.com.br\/site\/wp-json\/wp\/v2\/comments?post=173816"}],"version-history":[{"count":2,"href":"https:\/\/mspontocom.com.br\/site\/wp-json\/wp\/v2\/posts\/173816\/revisions"}],"predecessor-version":[{"id":173829,"href":"https:\/\/mspontocom.com.br\/site\/wp-json\/wp\/v2\/posts\/173816\/revisions\/173829"}],"wp:featuredmedia":[{"embeddable":true,"href":"https:\/\/mspontocom.com.br\/site\/wp-json\/wp\/v2\/media\/173828"}],"wp:attachment":[{"href":"https:\/\/mspontocom.com.br\/site\/wp-json\/wp\/v2\/media?parent=173816"}],"wp:term":[{"taxonomy":"category","embeddable":true,"href":"https:\/\/mspontocom.com.br\/site\/wp-json\/wp\/v2\/categories?post=173816"},{"taxonomy":"post_tag","embeddable":true,"href":"https:\/\/mspontocom.com.br\/site\/wp-json\/wp\/v2\/tags?post=173816"}],"curies":[{"name":"wp","href":"https:\/\/api.w.org\/{rel}","templated":true}]}}