{"id":173818,"date":"2022-08-29T13:27:35","date_gmt":"2022-08-29T17:27:35","guid":{"rendered":"https:\/\/mspontocom.com.br\/site\/?p=173818"},"modified":"2022-08-29T13:12:30","modified_gmt":"2022-08-29T17:12:30","slug":"lula-e-a-maior-fake-news-do-debate-fui-absolvido-em-todos-os-processos","status":"publish","type":"post","link":"https:\/\/mspontocom.com.br\/site\/lula-e-a-maior-fake-news-do-debate-fui-absolvido-em-todos-os-processos\/","title":{"rendered":"Lula e a maior fake news do debate: &#8220;Fui absolvido em todos os processos&#8221;"},"content":{"rendered":"<p style=\"text-align: justify;\"><img loading=\"lazy\" class=\"alignnone size-medium wp-image-173826\" src=\"https:\/\/mspontocom.com.br\/site\/wp-content\/uploads\/2022\/08\/site-lula-e-a-maior-fake-news-do-debate-fui-absolvido-em-todos-os-processos-lula-debate-band-600x400-1-260x173.webp\" alt=\"\" width=\"260\" height=\"173\" srcset=\"https:\/\/mspontocom.com.br\/site\/wp-content\/uploads\/2022\/08\/site-lula-e-a-maior-fake-news-do-debate-fui-absolvido-em-todos-os-processos-lula-debate-band-600x400-1-260x173.webp 260w, https:\/\/mspontocom.com.br\/site\/wp-content\/uploads\/2022\/08\/site-lula-e-a-maior-fake-news-do-debate-fui-absolvido-em-todos-os-processos-lula-debate-band-600x400-1.webp 600w\" sizes=\"(max-width: 260px) 100vw, 260px\" \/><\/p>\n<p style=\"text-align: justify;\">O candidato do PT \u00e0 Presid\u00eancia da Rep\u00fablica, Luiz In\u00e1cio Lula da Silva, cometeu a maior<strong> fake news<\/strong> no debate da Band na noite deste domingo, ao afirmar que foi <strong>absolvido em todos os processos<\/strong> que respondia na Justi\u00e7a.<\/p>\n<p style=\"text-align: justify;\">\u201cFui absolvido em todos os processos. Fui absolvido na ONU, na primeira e na segunda inst\u00e2ncias e duas vezes na Suprema Corte. Agora, sou o \u00fanico inocente que paga o pre\u00e7o de ser inocente\u201d, afirmou Lula.<\/p>\n<p style=\"text-align: justify;\">Lula ficou preso por quase dois anos, na sede da Pol\u00edcia Federal, em Curitiba, por a\u00e7\u00f5es envolvendo a <strong>Opera\u00e7\u00e3o Lava Jato.<\/strong><\/p>\n<p style=\"text-align: justify;\">Entre 2017 e 2019, o ex-presidente<strong> Lula<\/strong> foi condenado, por lavagem de dinheiro e <strong>corrup\u00e7\u00e3o passiva,<\/strong> em tr\u00eas inst\u00e2ncias, julgado por nove ju\u00edzes, mas em 2021 teve as senten\u00e7as anuladas por Edson Fachin, ministro do Supremo Tribunal Federal (STF).<\/p>\n<p style=\"text-align: justify;\">Diferentemente do que afirmou no debate o candidato petista, <strong>Lula nunca foi julgado pelo Comit\u00ea de Direitos Humanos da ONU.\u00a0<\/strong><\/p>\n","protected":false},"excerpt":{"rendered":"<p>O candidato do PT \u00e0 Presid\u00eancia da Rep\u00fablica, Luiz In\u00e1cio Lula da Silva, cometeu a maior fake news no debate da Band na noite deste domingo, ao afirmar que foi absolvido em todos os processos que respondia na Justi\u00e7a. \u201cFui absolvido em todos os processos. Fui absolvido na ONU, na primeira e na segunda inst\u00e2ncias [&hellip;]<\/p>\n","protected":false},"author":2,"featured_media":173826,"comment_status":"open","ping_status":"open","sticky":false,"template":"","format":"standard","meta":{"_monsterinsights_skip_tracking":false,"_monsterinsights_sitenote_active":false,"_monsterinsights_sitenote_note":"","_monsterinsights_sitenote_category":0},"categories":[30260,30259,12],"tags":[38380,38379,30654,480,1668],"aioseo_notices":[],"_links":{"self":[{"href":"https:\/\/mspontocom.com.br\/site\/wp-json\/wp\/v2\/posts\/173818"}],"collection":[{"href":"https:\/\/mspontocom.com.br\/site\/wp-json\/wp\/v2\/posts"}],"about":[{"href":"https:\/\/mspontocom.com.br\/site\/wp-json\/wp\/v2\/types\/post"}],"author":[{"embeddable":true,"href":"https:\/\/mspontocom.com.br\/site\/wp-json\/wp\/v2\/users\/2"}],"replies":[{"embeddable":true,"href":"https:\/\/mspontocom.com.br\/site\/wp-json\/wp\/v2\/comments?post=173818"}],"version-history":[{"count":2,"href":"https:\/\/mspontocom.com.br\/site\/wp-json\/wp\/v2\/posts\/173818\/revisions"}],"predecessor-version":[{"id":173827,"href":"https:\/\/mspontocom.com.br\/site\/wp-json\/wp\/v2\/posts\/173818\/revisions\/173827"}],"wp:featuredmedia":[{"embeddable":true,"href":"https:\/\/mspontocom.com.br\/site\/wp-json\/wp\/v2\/media\/173826"}],"wp:attachment":[{"href":"https:\/\/mspontocom.com.br\/site\/wp-json\/wp\/v2\/media?parent=173818"}],"wp:term":[{"taxonomy":"category","embeddable":true,"href":"https:\/\/mspontocom.com.br\/site\/wp-json\/wp\/v2\/categories?post=173818"},{"taxonomy":"post_tag","embeddable":true,"href":"https:\/\/mspontocom.com.br\/site\/wp-json\/wp\/v2\/tags?post=173818"}],"curies":[{"name":"wp","href":"https:\/\/api.w.org\/{rel}","templated":true}]}}