{"id":173822,"date":"2022-08-29T05:48:50","date_gmt":"2022-08-29T09:48:50","guid":{"rendered":"https:\/\/mspontocom.com.br\/site\/?p=173822"},"modified":"2022-08-29T05:48:50","modified_gmt":"2022-08-29T09:48:50","slug":"apos-debate-bolsonaro-ataca-lula-mentiu-como-um-condenado","status":"publish","type":"post","link":"https:\/\/mspontocom.com.br\/site\/apos-debate-bolsonaro-ataca-lula-mentiu-como-um-condenado\/","title":{"rendered":"Ap\u00f3s debate, Bolsonaro ataca Lula: &#8216;Mentiu como um condenado&#8221;"},"content":{"rendered":"<p style=\"text-align: justify;\"><img loading=\"lazy\" class=\"alignnone size-medium wp-image-173824\" src=\"https:\/\/mspontocom.com.br\/site\/wp-content\/uploads\/2022\/08\/site-apos-debate-bolsonaro-ataca-lula-mentiu-como-um-condenado-debate-band-jair-bolsonaro-lula-28-8-22-fixed-large-260x163.webp\" alt=\"\" width=\"260\" height=\"163\" srcset=\"https:\/\/mspontocom.com.br\/site\/wp-content\/uploads\/2022\/08\/site-apos-debate-bolsonaro-ataca-lula-mentiu-como-um-condenado-debate-band-jair-bolsonaro-lula-28-8-22-fixed-large-260x163.webp 260w, https:\/\/mspontocom.com.br\/site\/wp-content\/uploads\/2022\/08\/site-apos-debate-bolsonaro-ataca-lula-mentiu-como-um-condenado-debate-band-jair-bolsonaro-lula-28-8-22-fixed-large-768x480.webp 768w, https:\/\/mspontocom.com.br\/site\/wp-content\/uploads\/2022\/08\/site-apos-debate-bolsonaro-ataca-lula-mentiu-como-um-condenado-debate-band-jair-bolsonaro-lula-28-8-22-fixed-large.webp 990w\" sizes=\"(max-width: 260px) 100vw, 260px\" \/><\/p>\n<p style=\"text-align: justify;\">O presidente da Rep\u00fablica e candidato \u00e0 reelei\u00e7\u00e3o, <strong>Jair Bolsonaro<\/strong> (PL), atacou o ex-presidente Luiz In\u00e1cio Lula da Silva (PT) ap\u00f3s o t\u00e9rmino do primeiro debate presidencial.<\/p>\n<p style=\"text-align: justify;\">Bolsonaro disse que <strong>Lula<\/strong> &#8220;mentiu como um condenado&#8221;. &#8220;\u00c9 s\u00f3 o primeiro debate. Como um esquenta foi bom. Falaram de or\u00e7amento secreto, mas eu n\u00e3o tenho nada com isso da\u00ed. Eu vetei&#8221;, afirmou o presidente.<\/p>\n<p style=\"text-align: justify;\">Durante o debate, Bolsonaro focou suas cr\u00edticas em Lula e chegou a cham\u00e1-lo por duas vezes de <strong>&#8220;ex-presidi\u00e1rio&#8221;.<\/strong><\/p>\n<p style=\"text-align: justify;\">Petistas minimizaram nos bastidores fato de Lula n\u00e3o ter respondido diretamente sobre corrup\u00e7\u00e3o, justificando dizendo que ex-presidente j\u00e1 falou sobre isso no<strong>\u00a0<em>Jornal Nacional<\/em>.<\/strong><\/p>\n","protected":false},"excerpt":{"rendered":"<p>O presidente da Rep\u00fablica e candidato \u00e0 reelei\u00e7\u00e3o, Jair Bolsonaro (PL), atacou o ex-presidente Luiz In\u00e1cio Lula da Silva (PT) ap\u00f3s o t\u00e9rmino do primeiro debate presidencial. Bolsonaro disse que Lula &#8220;mentiu como um condenado&#8221;. &#8220;\u00c9 s\u00f3 o primeiro debate. Como um esquenta foi bom. Falaram de or\u00e7amento secreto, mas eu n\u00e3o tenho nada com [&hellip;]<\/p>\n","protected":false},"author":2,"featured_media":173824,"comment_status":"open","ping_status":"open","sticky":false,"template":"","format":"standard","meta":{"_monsterinsights_skip_tracking":false,"_monsterinsights_sitenote_active":false,"_monsterinsights_sitenote_note":"","_monsterinsights_sitenote_category":0},"categories":[30260,30259,12],"tags":[21017,2333,480,24246],"aioseo_notices":[],"_links":{"self":[{"href":"https:\/\/mspontocom.com.br\/site\/wp-json\/wp\/v2\/posts\/173822"}],"collection":[{"href":"https:\/\/mspontocom.com.br\/site\/wp-json\/wp\/v2\/posts"}],"about":[{"href":"https:\/\/mspontocom.com.br\/site\/wp-json\/wp\/v2\/types\/post"}],"author":[{"embeddable":true,"href":"https:\/\/mspontocom.com.br\/site\/wp-json\/wp\/v2\/users\/2"}],"replies":[{"embeddable":true,"href":"https:\/\/mspontocom.com.br\/site\/wp-json\/wp\/v2\/comments?post=173822"}],"version-history":[{"count":2,"href":"https:\/\/mspontocom.com.br\/site\/wp-json\/wp\/v2\/posts\/173822\/revisions"}],"predecessor-version":[{"id":173825,"href":"https:\/\/mspontocom.com.br\/site\/wp-json\/wp\/v2\/posts\/173822\/revisions\/173825"}],"wp:featuredmedia":[{"embeddable":true,"href":"https:\/\/mspontocom.com.br\/site\/wp-json\/wp\/v2\/media\/173824"}],"wp:attachment":[{"href":"https:\/\/mspontocom.com.br\/site\/wp-json\/wp\/v2\/media?parent=173822"}],"wp:term":[{"taxonomy":"category","embeddable":true,"href":"https:\/\/mspontocom.com.br\/site\/wp-json\/wp\/v2\/categories?post=173822"},{"taxonomy":"post_tag","embeddable":true,"href":"https:\/\/mspontocom.com.br\/site\/wp-json\/wp\/v2\/tags?post=173822"}],"curies":[{"name":"wp","href":"https:\/\/api.w.org\/{rel}","templated":true}]}}