{"id":174051,"date":"2022-09-06T14:18:19","date_gmt":"2022-09-06T18:18:19","guid":{"rendered":"https:\/\/mspontocom.com.br\/site\/?p=174051"},"modified":"2022-09-06T13:48:09","modified_gmt":"2022-09-06T17:48:09","slug":"bolsonaro-aparece-a-frente-de-lula-em-mais-uma-pesquisa","status":"publish","type":"post","link":"https:\/\/mspontocom.com.br\/site\/bolsonaro-aparece-a-frente-de-lula-em-mais-uma-pesquisa\/","title":{"rendered":"Bolsonaro aparece \u00e0 frente de Lula em mais uma pesquisa"},"content":{"rendered":"<p style=\"text-align: justify;\"><img loading=\"lazy\" class=\"alignnone size-medium wp-image-174065\" src=\"https:\/\/mspontocom.com.br\/site\/wp-content\/uploads\/2022\/09\/site-bolsonaro-aparece-a-frente-de-lula-em-mais-uma-pesquisa-bolsolula1-260x146.jpg\" alt=\"\" width=\"260\" height=\"146\" srcset=\"https:\/\/mspontocom.com.br\/site\/wp-content\/uploads\/2022\/09\/site-bolsonaro-aparece-a-frente-de-lula-em-mais-uma-pesquisa-bolsolula1-260x146.jpg 260w, https:\/\/mspontocom.com.br\/site\/wp-content\/uploads\/2022\/09\/site-bolsonaro-aparece-a-frente-de-lula-em-mais-uma-pesquisa-bolsolula1-768x431.jpg 768w, https:\/\/mspontocom.com.br\/site\/wp-content\/uploads\/2022\/09\/site-bolsonaro-aparece-a-frente-de-lula-em-mais-uma-pesquisa-bolsolula1.jpg 818w\" sizes=\"(max-width: 260px) 100vw, 260px\" \/><\/p>\n<p style=\"text-align: justify;\">Levantamento nacional do<strong> instituto Gerp<\/strong>, do Rio de Janeiro, mostrou uma virada do presidente <strong>Jair Bolsonaro<\/strong>, que aparece pela primeira vez numericamente \u00e0 frente do ex-presidente <strong>Lula<\/strong> na disputa pelo Planalto com 39% e 38%, respectivamente.<\/p>\n<p style=\"text-align: justify;\">Com a margem de erro de 2,18%, os dois est\u00e3o tecnicamente empatados.<\/p>\n<p style=\"text-align: justify;\">Segundo informa\u00e7\u00f5es divulgadas pela<strong> revista\u00a0<em>Veja,<\/em><\/strong>\u00a0no levantamento de mar\u00e7o, Bolsonaro tinha 31%, subiu a 35% em abril, 37% em junho e 38% na pesquisa de agosto at\u00e9 chegar aos atuais 39%.<\/p>\n<div id=\"ddp-ads-AD-51\" style=\"text-align: justify;\" data-google-query-id=\"CPmgl9nn__kCFWi0lQIdSLAJBA\">\n<div id=\"google_ads_iframe_\/21727414016\/AD-51_0__container__\">Lula tem os mesmos 38% registrados em mar\u00e7o, apesar de ter variado de um a dois pontos percentuais desde ent\u00e3o.<\/div>\n<\/div>\n<p style=\"text-align: justify;\">O Gerp ouviu 2.095 pessoas entre 29 de agosto e 1\u00ba de setembro e os resultados foram registrados junto ao Tribunal Superior Eleitoral (TSE) sob o n\u00famero BR-09102\/2022.<\/p>\n<p style=\"text-align: justify;\">fonte: Andre Brito, Di\u00e1rio do Poder<\/p>\n","protected":false},"excerpt":{"rendered":"<p>Levantamento nacional do instituto Gerp, do Rio de Janeiro, mostrou uma virada do presidente Jair Bolsonaro, que aparece pela primeira vez numericamente \u00e0 frente do ex-presidente Lula na disputa pelo Planalto com 39% e 38%, respectivamente. Com a margem de erro de 2,18%, os dois est\u00e3o tecnicamente empatados. Segundo informa\u00e7\u00f5es divulgadas pela revista\u00a0Veja,\u00a0no levantamento de [&hellip;]<\/p>\n","protected":false},"author":2,"featured_media":174065,"comment_status":"open","ping_status":"open","sticky":false,"template":"","format":"standard","meta":{"_monsterinsights_skip_tracking":false,"_monsterinsights_sitenote_active":false,"_monsterinsights_sitenote_note":"","_monsterinsights_sitenote_category":0},"categories":[30260,30259,12],"tags":[21017,480,733],"aioseo_notices":[],"_links":{"self":[{"href":"https:\/\/mspontocom.com.br\/site\/wp-json\/wp\/v2\/posts\/174051"}],"collection":[{"href":"https:\/\/mspontocom.com.br\/site\/wp-json\/wp\/v2\/posts"}],"about":[{"href":"https:\/\/mspontocom.com.br\/site\/wp-json\/wp\/v2\/types\/post"}],"author":[{"embeddable":true,"href":"https:\/\/mspontocom.com.br\/site\/wp-json\/wp\/v2\/users\/2"}],"replies":[{"embeddable":true,"href":"https:\/\/mspontocom.com.br\/site\/wp-json\/wp\/v2\/comments?post=174051"}],"version-history":[{"count":3,"href":"https:\/\/mspontocom.com.br\/site\/wp-json\/wp\/v2\/posts\/174051\/revisions"}],"predecessor-version":[{"id":174091,"href":"https:\/\/mspontocom.com.br\/site\/wp-json\/wp\/v2\/posts\/174051\/revisions\/174091"}],"wp:featuredmedia":[{"embeddable":true,"href":"https:\/\/mspontocom.com.br\/site\/wp-json\/wp\/v2\/media\/174065"}],"wp:attachment":[{"href":"https:\/\/mspontocom.com.br\/site\/wp-json\/wp\/v2\/media?parent=174051"}],"wp:term":[{"taxonomy":"category","embeddable":true,"href":"https:\/\/mspontocom.com.br\/site\/wp-json\/wp\/v2\/categories?post=174051"},{"taxonomy":"post_tag","embeddable":true,"href":"https:\/\/mspontocom.com.br\/site\/wp-json\/wp\/v2\/tags?post=174051"}],"curies":[{"name":"wp","href":"https:\/\/api.w.org\/{rel}","templated":true}]}}