{"id":174060,"date":"2022-09-06T17:17:56","date_gmt":"2022-09-06T21:17:56","guid":{"rendered":"https:\/\/mspontocom.com.br\/site\/?p=174060"},"modified":"2022-09-06T16:29:32","modified_gmt":"2022-09-06T20:29:32","slug":"ciro-diz-que-lula-e-corrupto-e-nega-apoio-em-segundo-turno-nunca-mais","status":"publish","type":"post","link":"https:\/\/mspontocom.com.br\/site\/ciro-diz-que-lula-e-corrupto-e-nega-apoio-em-segundo-turno-nunca-mais\/","title":{"rendered":"Ciro diz que Lula \u00e9 corrupto e nega apoio em segundo turno: \u2018Nunca mais\u2019"},"content":{"rendered":"<p style=\"text-align: justify;\"><img loading=\"lazy\" class=\"alignnone size-medium wp-image-174068\" src=\"https:\/\/mspontocom.com.br\/site\/wp-content\/uploads\/2022\/09\/site-ciro-diz-que-lula-e-corrupto-e-nega-apoio-em-segundo-turno-nunca-mais-ciro1-260x153.jpg\" alt=\"\" width=\"260\" height=\"153\" srcset=\"https:\/\/mspontocom.com.br\/site\/wp-content\/uploads\/2022\/09\/site-ciro-diz-que-lula-e-corrupto-e-nega-apoio-em-segundo-turno-nunca-mais-ciro1-260x153.jpg 260w, https:\/\/mspontocom.com.br\/site\/wp-content\/uploads\/2022\/09\/site-ciro-diz-que-lula-e-corrupto-e-nega-apoio-em-segundo-turno-nunca-mais-ciro1-768x452.jpg 768w, https:\/\/mspontocom.com.br\/site\/wp-content\/uploads\/2022\/09\/site-ciro-diz-que-lula-e-corrupto-e-nega-apoio-em-segundo-turno-nunca-mais-ciro1.jpg 848w\" sizes=\"(max-width: 260px) 100vw, 260px\" \/><\/p>\n<p style=\"text-align: justify;\">O candidato \u00e0 Presid\u00eancia <strong>Ciro Gomes<\/strong> (PDT) esteve no programa <strong>P\u00e2nico<\/strong>, da Jovem Pan.<\/p>\n<p style=\"text-align: justify;\">Em entrevista, ele afirmou ter visto algo in\u00e9dito na fei\u00e7\u00e3o do candidato Luiz In\u00e1cio Lula da Silva durante o primeiro debate presidencial.<\/p>\n<p style=\"text-align: justify;\">\u201cEssa <strong>burocracia corrompida do PT<\/strong> usa o Lula de uma forma desumana. Eu conhe\u00e7o o Lula h\u00e1 quase 40 anos, nunca vi o Lula t\u00e3o enfraquecido e t\u00e3o debilitado psicologicamente. Ele n\u00e3o conseguiu se defender de um ataque de corrup\u00e7\u00e3o do Bolsonaro. O PT virou uma organiza\u00e7\u00e3o criminosa, eles esperam que eu apoie ele no segundo turno. Nunca mais&#8221;. afirmou Ciro.<\/p>\n<p style=\"text-align: justify;\">Ciro tamb\u00e9m criticou a postura do PT em rela\u00e7\u00e3o ao combate \u00e0 mis\u00e9ria e comparou o partido com a esquerda norte-americana.<\/p>\n<p style=\"text-align: justify;\">Ex-ministro da Fazenda, Ciro exaltou sua participa\u00e7\u00e3o na elabora\u00e7\u00e3o do Plano Real<b>.<\/b><\/p>\n<p style=\"text-align: justify;\">\n","protected":false},"excerpt":{"rendered":"<p>O candidato \u00e0 Presid\u00eancia Ciro Gomes (PDT) esteve no programa P\u00e2nico, da Jovem Pan. Em entrevista, ele afirmou ter visto algo in\u00e9dito na fei\u00e7\u00e3o do candidato Luiz In\u00e1cio Lula da Silva durante o primeiro debate presidencial. \u201cEssa burocracia corrompida do PT usa o Lula de uma forma desumana. Eu conhe\u00e7o o Lula h\u00e1 quase 40 [&hellip;]<\/p>\n","protected":false},"author":2,"featured_media":174068,"comment_status":"open","ping_status":"open","sticky":false,"template":"","format":"standard","meta":{"_monsterinsights_skip_tracking":false,"_monsterinsights_sitenote_active":false,"_monsterinsights_sitenote_note":"","_monsterinsights_sitenote_category":0},"categories":[30260,30259,12],"tags":[38411,22031,25207,480,38412,11645],"aioseo_notices":[],"_links":{"self":[{"href":"https:\/\/mspontocom.com.br\/site\/wp-json\/wp\/v2\/posts\/174060"}],"collection":[{"href":"https:\/\/mspontocom.com.br\/site\/wp-json\/wp\/v2\/posts"}],"about":[{"href":"https:\/\/mspontocom.com.br\/site\/wp-json\/wp\/v2\/types\/post"}],"author":[{"embeddable":true,"href":"https:\/\/mspontocom.com.br\/site\/wp-json\/wp\/v2\/users\/2"}],"replies":[{"embeddable":true,"href":"https:\/\/mspontocom.com.br\/site\/wp-json\/wp\/v2\/comments?post=174060"}],"version-history":[{"count":2,"href":"https:\/\/mspontocom.com.br\/site\/wp-json\/wp\/v2\/posts\/174060\/revisions"}],"predecessor-version":[{"id":174069,"href":"https:\/\/mspontocom.com.br\/site\/wp-json\/wp\/v2\/posts\/174060\/revisions\/174069"}],"wp:featuredmedia":[{"embeddable":true,"href":"https:\/\/mspontocom.com.br\/site\/wp-json\/wp\/v2\/media\/174068"}],"wp:attachment":[{"href":"https:\/\/mspontocom.com.br\/site\/wp-json\/wp\/v2\/media?parent=174060"}],"wp:term":[{"taxonomy":"category","embeddable":true,"href":"https:\/\/mspontocom.com.br\/site\/wp-json\/wp\/v2\/categories?post=174060"},{"taxonomy":"post_tag","embeddable":true,"href":"https:\/\/mspontocom.com.br\/site\/wp-json\/wp\/v2\/tags?post=174060"}],"curies":[{"name":"wp","href":"https:\/\/api.w.org\/{rel}","templated":true}]}}