{"id":174095,"date":"2022-09-07T06:41:49","date_gmt":"2022-09-07T10:41:49","guid":{"rendered":"https:\/\/mspontocom.com.br\/site\/?p=174095"},"modified":"2022-09-07T06:41:49","modified_gmt":"2022-09-07T10:41:49","slug":"certificado-bolsonaro-chama-lula-de-ladrao-na-tv","status":"publish","type":"post","link":"https:\/\/mspontocom.com.br\/site\/certificado-bolsonaro-chama-lula-de-ladrao-na-tv\/","title":{"rendered":"Certificado: Bolsonaro chama Lula de ladr\u00e3o na TV"},"content":{"rendered":"<p style=\"text-align: justify;\"><img loading=\"lazy\" class=\"alignnone size-medium wp-image-174102\" src=\"https:\/\/mspontocom.com.br\/site\/wp-content\/uploads\/2022\/09\/site-bolsonaro-chama-lula-de-ladrao-na-tv-lulaladrao-260x136.jpg\" alt=\"\" width=\"260\" height=\"136\" srcset=\"https:\/\/mspontocom.com.br\/site\/wp-content\/uploads\/2022\/09\/site-bolsonaro-chama-lula-de-ladrao-na-tv-lulaladrao-260x136.jpg 260w, https:\/\/mspontocom.com.br\/site\/wp-content\/uploads\/2022\/09\/site-bolsonaro-chama-lula-de-ladrao-na-tv-lulaladrao.jpg 736w\" sizes=\"(max-width: 260px) 100vw, 260px\" \/><\/p>\n<p style=\"text-align: justify;\">A menos de 30 dias das elei\u00e7\u00f5es, o tom da campanha do presidente <strong>Jair Bolsonaro<\/strong> \u00e0 reelei\u00e7\u00e3o mudou.<\/p>\n<p style=\"text-align: justify;\">Se nos primeiros programas do hor\u00e1rio eleitoral gratuito o foco eram as realiza\u00e7\u00f5es da gest\u00e3o federal, a pe\u00e7a eleitoral que foi ao ar nesta ter\u00e7a-feira, 6, fez men\u00e7\u00f5es diretas ao ex-presidente <strong>Lula<\/strong> (PT), chamado de <strong>\u201cladr\u00e3o\u201d<\/strong> por personagens que aparecem na grava\u00e7\u00e3o.<\/p>\n<p style=\"text-align: justify;\">O QG da campanha \u00e0 reelei\u00e7\u00e3o gostaria de deixar os ataques ao petista para o ambiente das<strong> redes sociais,<\/strong> mas o entorno de Bolsonaro aposta na explora\u00e7\u00e3o de declara\u00e7\u00f5es pol\u00eamicas de Lula para aumentar a rejei\u00e7\u00e3o ao ex-presidente da Rep\u00fablica.<\/p>\n<p style=\"text-align: justify;\">Na sequ\u00eancia, o programa refor\u00e7a o crescimento da Pol\u00edcia Federal e a Pol\u00edcia Rodovi\u00e1ria Federal na atual gest\u00e3o e o aumento na apreens\u00e3o de drogas, armas e de recursos.<\/p>\n<p style=\"text-align: justify;\">\u201cDuro golpe no crime organizado do nosso Brasil. Bolsonaro est\u00e1 combatendo o crime de verdade. Veja a diferen\u00e7a: em apenas tr\u00eas anos, o governo apreendeu mais drogas do que oito anos do governo Lula\u201d, diz o candidato a vice, Braga Netto, na pe\u00e7a eleitoral.<\/p>\n","protected":false},"excerpt":{"rendered":"<p>A menos de 30 dias das elei\u00e7\u00f5es, o tom da campanha do presidente Jair Bolsonaro \u00e0 reelei\u00e7\u00e3o mudou. Se nos primeiros programas do hor\u00e1rio eleitoral gratuito o foco eram as realiza\u00e7\u00f5es da gest\u00e3o federal, a pe\u00e7a eleitoral que foi ao ar nesta ter\u00e7a-feira, 6, fez men\u00e7\u00f5es diretas ao ex-presidente Lula (PT), chamado de \u201cladr\u00e3o\u201d por [&hellip;]<\/p>\n","protected":false},"author":2,"featured_media":174102,"comment_status":"open","ping_status":"open","sticky":false,"template":"","format":"standard","meta":{"_monsterinsights_skip_tracking":false,"_monsterinsights_sitenote_active":false,"_monsterinsights_sitenote_note":"","_monsterinsights_sitenote_category":0},"categories":[30260,30259,12],"tags":[21017,7800,480,2056],"aioseo_notices":[],"_links":{"self":[{"href":"https:\/\/mspontocom.com.br\/site\/wp-json\/wp\/v2\/posts\/174095"}],"collection":[{"href":"https:\/\/mspontocom.com.br\/site\/wp-json\/wp\/v2\/posts"}],"about":[{"href":"https:\/\/mspontocom.com.br\/site\/wp-json\/wp\/v2\/types\/post"}],"author":[{"embeddable":true,"href":"https:\/\/mspontocom.com.br\/site\/wp-json\/wp\/v2\/users\/2"}],"replies":[{"embeddable":true,"href":"https:\/\/mspontocom.com.br\/site\/wp-json\/wp\/v2\/comments?post=174095"}],"version-history":[{"count":2,"href":"https:\/\/mspontocom.com.br\/site\/wp-json\/wp\/v2\/posts\/174095\/revisions"}],"predecessor-version":[{"id":174103,"href":"https:\/\/mspontocom.com.br\/site\/wp-json\/wp\/v2\/posts\/174095\/revisions\/174103"}],"wp:featuredmedia":[{"embeddable":true,"href":"https:\/\/mspontocom.com.br\/site\/wp-json\/wp\/v2\/media\/174102"}],"wp:attachment":[{"href":"https:\/\/mspontocom.com.br\/site\/wp-json\/wp\/v2\/media?parent=174095"}],"wp:term":[{"taxonomy":"category","embeddable":true,"href":"https:\/\/mspontocom.com.br\/site\/wp-json\/wp\/v2\/categories?post=174095"},{"taxonomy":"post_tag","embeddable":true,"href":"https:\/\/mspontocom.com.br\/site\/wp-json\/wp\/v2\/tags?post=174095"}],"curies":[{"name":"wp","href":"https:\/\/api.w.org\/{rel}","templated":true}]}}