{"id":174113,"date":"2022-09-08T17:00:21","date_gmt":"2022-09-08T21:00:21","guid":{"rendered":"https:\/\/mspontocom.com.br\/site\/?p=174113"},"modified":"2022-09-08T16:10:14","modified_gmt":"2022-09-08T20:10:14","slug":"alckmin-quer-proibir-o-famoso-lula-quer-voltar-a-cena-do-crime","status":"publish","type":"post","link":"https:\/\/mspontocom.com.br\/site\/alckmin-quer-proibir-o-famoso-lula-quer-voltar-a-cena-do-crime\/","title":{"rendered":"Alckmin quer proibir o famoso \u2018Lula quer voltar \u00e0 cena do crime\u2019"},"content":{"rendered":"<p style=\"text-align: justify;\"><img loading=\"lazy\" class=\"alignnone size-medium wp-image-174126\" src=\"https:\/\/mspontocom.com.br\/site\/wp-content\/uploads\/2022\/09\/site-alckmin-quer-proibir-o-famoso-lula-quer-voltar-a-cena-do-crime-alc-260x173.jpg\" alt=\"\" width=\"260\" height=\"173\" srcset=\"https:\/\/mspontocom.com.br\/site\/wp-content\/uploads\/2022\/09\/site-alckmin-quer-proibir-o-famoso-lula-quer-voltar-a-cena-do-crime-alc-260x173.jpg 260w, https:\/\/mspontocom.com.br\/site\/wp-content\/uploads\/2022\/09\/site-alckmin-quer-proibir-o-famoso-lula-quer-voltar-a-cena-do-crime-alc.jpg 768w\" sizes=\"(max-width: 260px) 100vw, 260px\" \/><\/p>\n<p style=\"text-align: justify;\">O ex-governador de S\u00e3o Paulo <strong>Geraldo Alckmin,<\/strong> candidato a vice-presidente na chapa de Lula (PT), quer proibir o presidente <strong>Jair Bolsonaro<\/strong> (PL) de usar suas falas antigas contra o petista.<\/p>\n<p style=\"text-align: justify;\">A a\u00e7\u00e3o judicial foi protocolada nesta quarta-feira, 7, no Tribunal Superior Eleitoral (TSE).<\/p>\n<p style=\"text-align: justify;\">Durante um discurso neste 7 de Setembro, o chefe do Executivo disse que o <strong>PT \u201cquer voltar \u00e0 cena do crime\u201d,<\/strong> repetindo uma fala de Alckmin, durante uma conven\u00e7\u00e3o do PSDB em 2017.<\/p>\n<p style=\"text-align: justify;\">Conforme o ex-tucano, as falas est\u00e3o sendo usadas descontextualizadas \u201cpara confundir o eleitor, dando a entender que a opini\u00e3o emitida por ele seria atual\u201d.<\/p>\n<p style=\"text-align: justify;\">Ao justificar as ferozes cr\u00edticas ao antigo advers\u00e1rio, o ex-governador afirmou que disputas fazem parte do processo democr\u00e1tico.<\/p>\n<p>Assista ao v\u00eddeo:<\/p>\n<h3 class=\"LC20lb MBeuO DKV0Md\"><a id=\"thumbnail\" class=\"yt-simple-endpoint inline-block style-scope ytd-thumbnail\" tabindex=\"-1\" href=\"https:\/\/www.youtube.com\/watch?v=so5-reK_daA\" rel=\"null\" aria-hidden=\"true\"><img id=\"img\" class=\"style-scope yt-img-shadow\" draggable=\"false\" src=\"https:\/\/i.ytimg.com\/vi\/so5-reK_daA\/hq720.jpg?sqp=-oaymwEcCOgCEMoBSFXyq4qpAw4IARUAAIhCGAFwAcABBg==&amp;rs=AOn4CLCyBrn3ITlM7G_8CLJ2iLUuQeXtqw\" alt=\"\" width=\"360\" \/><\/a><\/h3>\n","protected":false},"excerpt":{"rendered":"<p>O ex-governador de S\u00e3o Paulo Geraldo Alckmin, candidato a vice-presidente na chapa de Lula (PT), quer proibir o presidente Jair Bolsonaro (PL) de usar suas falas antigas contra o petista. A a\u00e7\u00e3o judicial foi protocolada nesta quarta-feira, 7, no Tribunal Superior Eleitoral (TSE). Durante um discurso neste 7 de Setembro, o chefe do Executivo disse [&hellip;]<\/p>\n","protected":false},"author":2,"featured_media":174126,"comment_status":"open","ping_status":"open","sticky":false,"template":"","format":"standard","meta":{"_monsterinsights_skip_tracking":false,"_monsterinsights_sitenote_active":false,"_monsterinsights_sitenote_note":"","_monsterinsights_sitenote_category":0},"categories":[6,30260,30259,12],"tags":[24882,480,25626,38420],"aioseo_notices":[],"_links":{"self":[{"href":"https:\/\/mspontocom.com.br\/site\/wp-json\/wp\/v2\/posts\/174113"}],"collection":[{"href":"https:\/\/mspontocom.com.br\/site\/wp-json\/wp\/v2\/posts"}],"about":[{"href":"https:\/\/mspontocom.com.br\/site\/wp-json\/wp\/v2\/types\/post"}],"author":[{"embeddable":true,"href":"https:\/\/mspontocom.com.br\/site\/wp-json\/wp\/v2\/users\/2"}],"replies":[{"embeddable":true,"href":"https:\/\/mspontocom.com.br\/site\/wp-json\/wp\/v2\/comments?post=174113"}],"version-history":[{"count":4,"href":"https:\/\/mspontocom.com.br\/site\/wp-json\/wp\/v2\/posts\/174113\/revisions"}],"predecessor-version":[{"id":174144,"href":"https:\/\/mspontocom.com.br\/site\/wp-json\/wp\/v2\/posts\/174113\/revisions\/174144"}],"wp:featuredmedia":[{"embeddable":true,"href":"https:\/\/mspontocom.com.br\/site\/wp-json\/wp\/v2\/media\/174126"}],"wp:attachment":[{"href":"https:\/\/mspontocom.com.br\/site\/wp-json\/wp\/v2\/media?parent=174113"}],"wp:term":[{"taxonomy":"category","embeddable":true,"href":"https:\/\/mspontocom.com.br\/site\/wp-json\/wp\/v2\/categories?post=174113"},{"taxonomy":"post_tag","embeddable":true,"href":"https:\/\/mspontocom.com.br\/site\/wp-json\/wp\/v2\/tags?post=174113"}],"curies":[{"name":"wp","href":"https:\/\/api.w.org\/{rel}","templated":true}]}}