{"id":174548,"date":"2022-09-22T06:25:08","date_gmt":"2022-09-22T10:25:08","guid":{"rendered":"https:\/\/mspontocom.com.br\/site\/?p=174548"},"modified":"2022-09-22T06:25:08","modified_gmt":"2022-09-22T10:25:08","slug":"senador-protocola-pedido-de-impeachment-de-alexandre-de-moraes","status":"publish","type":"post","link":"https:\/\/mspontocom.com.br\/site\/senador-protocola-pedido-de-impeachment-de-alexandre-de-moraes\/","title":{"rendered":"Senador protocola pedido de impeachment de Alexandre de Moraes"},"content":{"rendered":"<p style=\"text-align: justify;\"><img loading=\"lazy\" class=\"alignnone size-medium wp-image-174556\" src=\"https:\/\/mspontocom.com.br\/site\/wp-content\/uploads\/2022\/09\/site-senador-pede-impeachment-de-alexandre-de-moraes-do-stf-toga-260x156.jpeg\" alt=\"\" width=\"260\" height=\"156\" srcset=\"https:\/\/mspontocom.com.br\/site\/wp-content\/uploads\/2022\/09\/site-senador-pede-impeachment-de-alexandre-de-moraes-do-stf-toga-260x156.jpeg 260w, https:\/\/mspontocom.com.br\/site\/wp-content\/uploads\/2022\/09\/site-senador-pede-impeachment-de-alexandre-de-moraes-do-stf-toga-1024x614.jpeg 1024w, https:\/\/mspontocom.com.br\/site\/wp-content\/uploads\/2022\/09\/site-senador-pede-impeachment-de-alexandre-de-moraes-do-stf-toga-768x461.jpeg 768w, https:\/\/mspontocom.com.br\/site\/wp-content\/uploads\/2022\/09\/site-senador-pede-impeachment-de-alexandre-de-moraes-do-stf-toga.jpeg 1300w\" sizes=\"(max-width: 260px) 100vw, 260px\" \/><\/p>\n<p style=\"text-align: justify;\">O senador <strong>Lasier Martins<\/strong> (Podemos-RS) protocolou nesta quarta-feira (21) mais um pedido de <strong>impeachment<\/strong>\u00a0do ministro do Supremo Tribunal Federal (STF) <strong>Alexandre de Moraes.<\/strong><\/p>\n<p style=\"text-align: justify;\">Para o parlamentar, Moraes \u201csistem\u00e1tica e reiteradamente, abusa do cargo e das fun\u00e7\u00f5es que exerce, cometendo, in\u00fameras vezes, os crimes de responsabilidade\u201d.<\/p>\n<p style=\"text-align: justify;\">\u201c\u00c9 chegada a hora de impor limites, cobrar responsabilidade e exigir do ministro Alexandre de Moraes, integrante da mais alta Corte de Justi\u00e7a do Brasil, que exer\u00e7a suas fun\u00e7\u00f5es com respeito \u00e0 Constitui\u00e7\u00e3o da Rep\u00fablica, \u00e0s Leis e aos r\u00edgidos padr\u00f5es \u00e9ticos e morais que pautam o agir, profissional e pessoal, da magistratura nacional. Ou que ent\u00e3o seja afastado das suas fun\u00e7\u00f5es!\u201d<\/p>\n<p style=\"text-align: justify;\">No novo pedido de <strong>impeachment,<\/strong> Lasier voltou a dizer que o Senado \u201cn\u00e3o pode se eximir de cumprir seu papel constitucional e deve apurar as arbitrariedades como as que vem sendo praticadas sob a suposta prote\u00e7\u00e3o da honra \u2018do STF, de seus membros e de seus familiares\u2019, ao arrepio da legalidade.\u201d.<\/p>\n<p>&nbsp;<\/p>\n<p>&nbsp;<\/p>\n<p>fonte: Tiago Vasconcelos, Di\u00e1rio do Poder<\/p>\n","protected":false},"excerpt":{"rendered":"<p>O senador Lasier Martins (Podemos-RS) protocolou nesta quarta-feira (21) mais um pedido de impeachment\u00a0do ministro do Supremo Tribunal Federal (STF) Alexandre de Moraes. Para o parlamentar, Moraes \u201csistem\u00e1tica e reiteradamente, abusa do cargo e das fun\u00e7\u00f5es que exerce, cometendo, in\u00fameras vezes, os crimes de responsabilidade\u201d. \u201c\u00c9 chegada a hora de impor limites, cobrar responsabilidade e [&hellip;]<\/p>\n","protected":false},"author":2,"featured_media":174556,"comment_status":"open","ping_status":"open","sticky":false,"template":"","format":"standard","meta":{"_monsterinsights_skip_tracking":false,"_monsterinsights_sitenote_active":false,"_monsterinsights_sitenote_note":"","_monsterinsights_sitenote_category":0},"categories":[6,30260,2528,30259],"tags":[26336,5441,38480,25202,3014],"aioseo_notices":[],"_links":{"self":[{"href":"https:\/\/mspontocom.com.br\/site\/wp-json\/wp\/v2\/posts\/174548"}],"collection":[{"href":"https:\/\/mspontocom.com.br\/site\/wp-json\/wp\/v2\/posts"}],"about":[{"href":"https:\/\/mspontocom.com.br\/site\/wp-json\/wp\/v2\/types\/post"}],"author":[{"embeddable":true,"href":"https:\/\/mspontocom.com.br\/site\/wp-json\/wp\/v2\/users\/2"}],"replies":[{"embeddable":true,"href":"https:\/\/mspontocom.com.br\/site\/wp-json\/wp\/v2\/comments?post=174548"}],"version-history":[{"count":2,"href":"https:\/\/mspontocom.com.br\/site\/wp-json\/wp\/v2\/posts\/174548\/revisions"}],"predecessor-version":[{"id":174557,"href":"https:\/\/mspontocom.com.br\/site\/wp-json\/wp\/v2\/posts\/174548\/revisions\/174557"}],"wp:featuredmedia":[{"embeddable":true,"href":"https:\/\/mspontocom.com.br\/site\/wp-json\/wp\/v2\/media\/174556"}],"wp:attachment":[{"href":"https:\/\/mspontocom.com.br\/site\/wp-json\/wp\/v2\/media?parent=174548"}],"wp:term":[{"taxonomy":"category","embeddable":true,"href":"https:\/\/mspontocom.com.br\/site\/wp-json\/wp\/v2\/categories?post=174548"},{"taxonomy":"post_tag","embeddable":true,"href":"https:\/\/mspontocom.com.br\/site\/wp-json\/wp\/v2\/tags?post=174548"}],"curies":[{"name":"wp","href":"https:\/\/api.w.org\/{rel}","templated":true}]}}