{"id":174620,"date":"2022-09-23T07:46:34","date_gmt":"2022-09-23T11:46:34","guid":{"rendered":"https:\/\/mspontocom.com.br\/site\/?p=174620"},"modified":"2022-09-23T07:46:34","modified_gmt":"2022-09-23T11:46:34","slug":"pcc-planejava-ataques-durante-as-eleicoes-para-desastibilizar-o-governo","status":"publish","type":"post","link":"https:\/\/mspontocom.com.br\/site\/pcc-planejava-ataques-durante-as-eleicoes-para-desastibilizar-o-governo\/","title":{"rendered":"PCC planejava ataques durante as elei\u00e7\u00f5es para desastibilizar o Governo"},"content":{"rendered":"<p style=\"text-align: justify;\"><img loading=\"lazy\" class=\"alignnone size-medium wp-image-174621\" src=\"https:\/\/mspontocom.com.br\/site\/wp-content\/uploads\/2022\/09\/site-pcc-planejava-ataques-durante-as-eleicoes-para-desastibilizar-o-governo-pcc3-e1663933493448-260x232.jpg\" alt=\"\" width=\"260\" height=\"232\" srcset=\"https:\/\/mspontocom.com.br\/site\/wp-content\/uploads\/2022\/09\/site-pcc-planejava-ataques-durante-as-eleicoes-para-desastibilizar-o-governo-pcc3-e1663933493448-260x232.jpg 260w, https:\/\/mspontocom.com.br\/site\/wp-content\/uploads\/2022\/09\/site-pcc-planejava-ataques-durante-as-eleicoes-para-desastibilizar-o-governo-pcc3-e1663933493448-1024x912.jpg 1024w, https:\/\/mspontocom.com.br\/site\/wp-content\/uploads\/2022\/09\/site-pcc-planejava-ataques-durante-as-eleicoes-para-desastibilizar-o-governo-pcc3-e1663933493448-768x684.jpg 768w, https:\/\/mspontocom.com.br\/site\/wp-content\/uploads\/2022\/09\/site-pcc-planejava-ataques-durante-as-eleicoes-para-desastibilizar-o-governo-pcc3-e1663933493448-1536x1368.jpg 1536w, https:\/\/mspontocom.com.br\/site\/wp-content\/uploads\/2022\/09\/site-pcc-planejava-ataques-durante-as-eleicoes-para-desastibilizar-o-governo-pcc3-e1663933493448.jpg 1568w\" sizes=\"(max-width: 260px) 100vw, 260px\" \/><\/p>\n<p style=\"text-align: justify;\">Foi encontrada na cela de Wesley Ferreira Sotero, o Magrelo, na penitenci\u00e1ria\u00a0Avar\u00e9 1, no interior de S\u00e3o Paulo, uma\u00a0carta da c\u00fapula do<strong> PCC<\/strong> que ordena ataques a autoridades at\u00e9 2 de outubro, a fim de desestabilizar as elei\u00e7\u00f5es.<\/p>\n<p style=\"text-align: justify;\">Bases de policiamento, policiais, ju\u00edzes e promotores s\u00e3o os principais alvos da fac\u00e7\u00e3o.<\/p>\n<p style=\"text-align: justify;\">A s informa\u00e7\u00f5es foram divulgadas na tarde desta quinta-feira (22) pelo apresentador <strong>Jos\u00e9 Luiz Datena<\/strong> no programa <strong>Brasil Urgente<\/strong>, da TV Bandeirantes.<\/p>\n<p style=\"text-align: justify;\">No\u00a0<strong>\u201csalve\u201d<\/strong>\u00a0[como a g\u00edria chama os bilhetes enviados pelas lideran\u00e7as da fac\u00e7\u00e3o aos seus \u2018imediatos\u2019 nos pres\u00eddios] interceptado pela pol\u00edcia \u00e9 perguntado a Magrelo se os \u201cirm\u00e3os de Avar\u00e9 1\u201d estariam cientes do \u201cplano B\u201d.<\/p>\n<p style=\"text-align: justify;\">A principal hip\u00f3tese \u00e9 de que o <strong>PCC<\/strong> esteja tendo dificuldades em trazer de volta para o Estado de S\u00e3o Paulo as suas lideran\u00e7as que est\u00e3o em pres\u00eddios de seguran\u00e7a m\u00e1xima em outros estados, <strong>devido \u00e0 r\u00edgida politica se seguran\u00e7a p\u00e1ublica adotada pelo governo do presidente Jair Bolsonaro.\u00a0<\/strong><\/p>\n<p style=\"text-align: justify;\">\u201cVamos atacar bases [de policiamento], agentes [das pol\u00edcias], ju\u00edzes, promotores, e vamos atacar o governo de v\u00e1rias formas, porque nossa fac\u00e7\u00e3o tem todo o suporte para o Brasil, e os amigos j\u00e1 falaram que se colocarmos [o plano] em pr\u00e1tica depois do nosso anivers\u00e1rio [o PCC foi fundado em 31 de agosto de 1993] para afetar a elei\u00e7\u00e3o, a Penitenci\u00e1ria Federal vai abrir as pernas\u201d, diz o trecho seguinte do \u2018salve\u2019.<\/p>\n<p style=\"text-align: justify;\"><em>*Com informa\u00e7\u00f5es da TV Bandeirantes.<\/em><\/p>\n","protected":false},"excerpt":{"rendered":"<p>Foi encontrada na cela de Wesley Ferreira Sotero, o Magrelo, na penitenci\u00e1ria\u00a0Avar\u00e9 1, no interior de S\u00e3o Paulo, uma\u00a0carta da c\u00fapula do PCC que ordena ataques a autoridades at\u00e9 2 de outubro, a fim de desestabilizar as elei\u00e7\u00f5es. Bases de policiamento, policiais, ju\u00edzes e promotores s\u00e3o os principais alvos da fac\u00e7\u00e3o. A s informa\u00e7\u00f5es foram [&hellip;]<\/p>\n","protected":false},"author":2,"featured_media":174621,"comment_status":"open","ping_status":"open","sticky":false,"template":"","format":"standard","meta":{"_monsterinsights_skip_tracking":false,"_monsterinsights_sitenote_active":false,"_monsterinsights_sitenote_note":"","_monsterinsights_sitenote_category":0},"categories":[6],"tags":[25403,21017,1887,78,4275],"aioseo_notices":[],"_links":{"self":[{"href":"https:\/\/mspontocom.com.br\/site\/wp-json\/wp\/v2\/posts\/174620"}],"collection":[{"href":"https:\/\/mspontocom.com.br\/site\/wp-json\/wp\/v2\/posts"}],"about":[{"href":"https:\/\/mspontocom.com.br\/site\/wp-json\/wp\/v2\/types\/post"}],"author":[{"embeddable":true,"href":"https:\/\/mspontocom.com.br\/site\/wp-json\/wp\/v2\/users\/2"}],"replies":[{"embeddable":true,"href":"https:\/\/mspontocom.com.br\/site\/wp-json\/wp\/v2\/comments?post=174620"}],"version-history":[{"count":2,"href":"https:\/\/mspontocom.com.br\/site\/wp-json\/wp\/v2\/posts\/174620\/revisions"}],"predecessor-version":[{"id":174623,"href":"https:\/\/mspontocom.com.br\/site\/wp-json\/wp\/v2\/posts\/174620\/revisions\/174623"}],"wp:featuredmedia":[{"embeddable":true,"href":"https:\/\/mspontocom.com.br\/site\/wp-json\/wp\/v2\/media\/174621"}],"wp:attachment":[{"href":"https:\/\/mspontocom.com.br\/site\/wp-json\/wp\/v2\/media?parent=174620"}],"wp:term":[{"taxonomy":"category","embeddable":true,"href":"https:\/\/mspontocom.com.br\/site\/wp-json\/wp\/v2\/categories?post=174620"},{"taxonomy":"post_tag","embeddable":true,"href":"https:\/\/mspontocom.com.br\/site\/wp-json\/wp\/v2\/tags?post=174620"}],"curies":[{"name":"wp","href":"https:\/\/api.w.org\/{rel}","templated":true}]}}