{"id":174631,"date":"2022-09-24T05:01:50","date_gmt":"2022-09-24T09:01:50","guid":{"rendered":"https:\/\/mspontocom.com.br\/site\/?p=174631"},"modified":"2022-09-24T05:01:50","modified_gmt":"2022-09-24T09:01:50","slug":"lula-chama-paulistas-de-ignorantes-cresce-a-paulistavotabolsonaro","status":"publish","type":"post","link":"https:\/\/mspontocom.com.br\/site\/lula-chama-paulistas-de-ignorantes-cresce-a-paulistavotabolsonaro\/","title":{"rendered":"Lula chama paulistas de ignorantes. Cresce a #paulistavotabolsonaro"},"content":{"rendered":"<p style=\"text-align: justify;\"><img loading=\"lazy\" class=\"alignnone size-medium wp-image-174634\" src=\"https:\/\/mspontocom.com.br\/site\/wp-content\/uploads\/2022\/09\/site-lula-chama-paulistas-de-ignorantes-cresce-a-somostodoscapiau-sp-e1664009891956-260x180.jpg\" alt=\"\" width=\"260\" height=\"180\" srcset=\"https:\/\/mspontocom.com.br\/site\/wp-content\/uploads\/2022\/09\/site-lula-chama-paulistas-de-ignorantes-cresce-a-somostodoscapiau-sp-e1664009891956-260x180.jpg 260w, https:\/\/mspontocom.com.br\/site\/wp-content\/uploads\/2022\/09\/site-lula-chama-paulistas-de-ignorantes-cresce-a-somostodoscapiau-sp-e1664009891956-1024x709.jpg 1024w, https:\/\/mspontocom.com.br\/site\/wp-content\/uploads\/2022\/09\/site-lula-chama-paulistas-de-ignorantes-cresce-a-somostodoscapiau-sp-e1664009891956-768x532.jpg 768w, https:\/\/mspontocom.com.br\/site\/wp-content\/uploads\/2022\/09\/site-lula-chama-paulistas-de-ignorantes-cresce-a-somostodoscapiau-sp-e1664009891956.jpg 1196w\" sizes=\"(max-width: 260px) 100vw, 260px\" \/><\/p>\n<p style=\"text-align: justify;\">O ex-presidente <strong>Lula<\/strong> chamou os <strong>paulistas<\/strong> de ignorantes.<\/p>\n<p style=\"text-align: justify;\">A declara\u00e7\u00e3o ocorreu durante entrevista ao Programa do Ratinho, quando o candidato \u00e0 presid\u00eancia comentou sobre as pol\u00edticas adotadas pelo governo Bolsonaro.<\/p>\n<p style=\"text-align: justify;\">&#8220;\u00c9 uma estupidez de algu\u00e9m que \u00e9 um pouco<strong> ignorante<\/strong>, o que ele \u00e9 mesmo, um pouco ignorante, aquele jeit\u00e3o bruto dele, <strong>aquele jeit\u00e3o capial, l\u00e1 do interior de S\u00e3o Paulo&#8221;, completou.<\/strong><\/p>\n<p style=\"text-align: justify;\">Bolsonaro atribuiu a \u201cmuita \u00e1gua batizada\u201d consumida por Lula e \u00e0 ignor\u00e2ncia do petista.<\/p>\n<p style=\"text-align: justify;\">Cresce a avers\u00e3o de Lula com os paulistas.<\/p>\n<p style=\"text-align: justify;\">A <strong>#paulistavotabolsonaro<\/strong>\u00a0subiu no Twitter.<\/p>\n<p>A <strong>#somostodoscapiau<\/strong> tamb\u00e9m se destaca<\/p>\n","protected":false},"excerpt":{"rendered":"<p>O ex-presidente Lula chamou os paulistas de ignorantes. A declara\u00e7\u00e3o ocorreu durante entrevista ao Programa do Ratinho, quando o candidato \u00e0 presid\u00eancia comentou sobre as pol\u00edticas adotadas pelo governo Bolsonaro. &#8220;\u00c9 uma estupidez de algu\u00e9m que \u00e9 um pouco ignorante, o que ele \u00e9 mesmo, um pouco ignorante, aquele jeit\u00e3o bruto dele, aquele jeit\u00e3o capial, [&hellip;]<\/p>\n","protected":false},"author":2,"featured_media":174634,"comment_status":"open","ping_status":"open","sticky":false,"template":"","format":"standard","meta":{"_monsterinsights_skip_tracking":false,"_monsterinsights_sitenote_active":false,"_monsterinsights_sitenote_note":"","_monsterinsights_sitenote_category":0},"categories":[6,30260,30259],"tags":[38494,38493,480,29246],"aioseo_notices":[],"_links":{"self":[{"href":"https:\/\/mspontocom.com.br\/site\/wp-json\/wp\/v2\/posts\/174631"}],"collection":[{"href":"https:\/\/mspontocom.com.br\/site\/wp-json\/wp\/v2\/posts"}],"about":[{"href":"https:\/\/mspontocom.com.br\/site\/wp-json\/wp\/v2\/types\/post"}],"author":[{"embeddable":true,"href":"https:\/\/mspontocom.com.br\/site\/wp-json\/wp\/v2\/users\/2"}],"replies":[{"embeddable":true,"href":"https:\/\/mspontocom.com.br\/site\/wp-json\/wp\/v2\/comments?post=174631"}],"version-history":[{"count":3,"href":"https:\/\/mspontocom.com.br\/site\/wp-json\/wp\/v2\/posts\/174631\/revisions"}],"predecessor-version":[{"id":174635,"href":"https:\/\/mspontocom.com.br\/site\/wp-json\/wp\/v2\/posts\/174631\/revisions\/174635"}],"wp:featuredmedia":[{"embeddable":true,"href":"https:\/\/mspontocom.com.br\/site\/wp-json\/wp\/v2\/media\/174634"}],"wp:attachment":[{"href":"https:\/\/mspontocom.com.br\/site\/wp-json\/wp\/v2\/media?parent=174631"}],"wp:term":[{"taxonomy":"category","embeddable":true,"href":"https:\/\/mspontocom.com.br\/site\/wp-json\/wp\/v2\/categories?post=174631"},{"taxonomy":"post_tag","embeddable":true,"href":"https:\/\/mspontocom.com.br\/site\/wp-json\/wp\/v2\/tags?post=174631"}],"curies":[{"name":"wp","href":"https:\/\/api.w.org\/{rel}","templated":true}]}}