{"id":174664,"date":"2022-09-26T06:12:06","date_gmt":"2022-09-26T10:12:06","guid":{"rendered":"https:\/\/mspontocom.com.br\/site\/?p=174664"},"modified":"2022-09-26T06:12:06","modified_gmt":"2022-09-26T10:12:06","slug":"interesse-lula-pagava-a-folha-de-s-paulo-185-vezes-mais-que-bolsonaro","status":"publish","type":"post","link":"https:\/\/mspontocom.com.br\/site\/interesse-lula-pagava-a-folha-de-s-paulo-185-vezes-mais-que-bolsonaro\/","title":{"rendered":"Interesse: Lula pagava \u00e0 Folha de S. Paulo 185 vezes mais que Bolsonaro"},"content":{"rendered":"<p style=\"text-align: justify;\"><img loading=\"lazy\" class=\"alignnone size-medium wp-image-174670\" src=\"https:\/\/mspontocom.com.br\/site\/wp-content\/uploads\/2022\/09\/site-interesse-lula-pagava-a-folha-de-s-paulo-185-vezes-mais-que-bolsonaro-falha-de-sao-paulo-stj-2017-260x173.png\" alt=\"\" width=\"260\" height=\"173\" srcset=\"https:\/\/mspontocom.com.br\/site\/wp-content\/uploads\/2022\/09\/site-interesse-lula-pagava-a-folha-de-s-paulo-185-vezes-mais-que-bolsonaro-falha-de-sao-paulo-stj-2017-260x173.png 260w, https:\/\/mspontocom.com.br\/site\/wp-content\/uploads\/2022\/09\/site-interesse-lula-pagava-a-folha-de-s-paulo-185-vezes-mais-que-bolsonaro-falha-de-sao-paulo-stj-2017.png 660w\" sizes=\"(max-width: 260px) 100vw, 260px\" \/><\/p>\n<p style=\"text-align: justify;\">O ex-presidente <strong>Lula<\/strong> (PT) destinou \u00e0 <strong><em>Folha de S.Paulo<\/em>\u00a0<\/strong>R$ 371 milh\u00f5es em verbas publicit\u00e1rias.<\/p>\n<p style=\"text-align: justify;\">Foram R$ 213 milh\u00f5es no primeiro mandato e R$ 158 milh\u00f5es no segundo, de acordo com a Secretaria Especial de Comunica\u00e7\u00e3o Social (Secom).<\/p>\n<p style=\"text-align: justify;\">Ao todo, o montante transferido pela gest\u00e3o petista \u00e0\u00a0<em>Folha\u00a0<\/em>\u00e9 185 vezes maior que o registrado no governo do atual presidente, <strong>Jair Bolsonaro<\/strong> (PL): R$ 2 milh\u00f5es. Dilma Rousseff (PT) e Michel Temer (MDB), somados, transferiram R$ 156 milh\u00f5es.<\/p>\n<p style=\"text-align: justify;\">A<strong> Jovem Pan<\/strong>, alvo de ataques da\u00a0<em>Folha<\/em>, recebeu em torno de R$ 4 milh\u00f5es da Secom no atual governo.<\/p>\n<p>&nbsp;<\/p>\n","protected":false},"excerpt":{"rendered":"<p>O ex-presidente Lula (PT) destinou \u00e0 Folha de S.Paulo\u00a0R$ 371 milh\u00f5es em verbas publicit\u00e1rias. Foram R$ 213 milh\u00f5es no primeiro mandato e R$ 158 milh\u00f5es no segundo, de acordo com a Secretaria Especial de Comunica\u00e7\u00e3o Social (Secom). Ao todo, o montante transferido pela gest\u00e3o petista \u00e0\u00a0Folha\u00a0\u00e9 185 vezes maior que o registrado no governo do [&hellip;]<\/p>\n","protected":false},"author":2,"featured_media":174670,"comment_status":"open","ping_status":"open","sticky":false,"template":"","format":"standard","meta":{"_monsterinsights_skip_tracking":false,"_monsterinsights_sitenote_active":false,"_monsterinsights_sitenote_note":"","_monsterinsights_sitenote_category":0},"categories":[6,30260,30259],"tags":[21017,13085,480,296,24390],"aioseo_notices":[],"_links":{"self":[{"href":"https:\/\/mspontocom.com.br\/site\/wp-json\/wp\/v2\/posts\/174664"}],"collection":[{"href":"https:\/\/mspontocom.com.br\/site\/wp-json\/wp\/v2\/posts"}],"about":[{"href":"https:\/\/mspontocom.com.br\/site\/wp-json\/wp\/v2\/types\/post"}],"author":[{"embeddable":true,"href":"https:\/\/mspontocom.com.br\/site\/wp-json\/wp\/v2\/users\/2"}],"replies":[{"embeddable":true,"href":"https:\/\/mspontocom.com.br\/site\/wp-json\/wp\/v2\/comments?post=174664"}],"version-history":[{"count":2,"href":"https:\/\/mspontocom.com.br\/site\/wp-json\/wp\/v2\/posts\/174664\/revisions"}],"predecessor-version":[{"id":174671,"href":"https:\/\/mspontocom.com.br\/site\/wp-json\/wp\/v2\/posts\/174664\/revisions\/174671"}],"wp:featuredmedia":[{"embeddable":true,"href":"https:\/\/mspontocom.com.br\/site\/wp-json\/wp\/v2\/media\/174670"}],"wp:attachment":[{"href":"https:\/\/mspontocom.com.br\/site\/wp-json\/wp\/v2\/media?parent=174664"}],"wp:term":[{"taxonomy":"category","embeddable":true,"href":"https:\/\/mspontocom.com.br\/site\/wp-json\/wp\/v2\/categories?post=174664"},{"taxonomy":"post_tag","embeddable":true,"href":"https:\/\/mspontocom.com.br\/site\/wp-json\/wp\/v2\/tags?post=174664"}],"curies":[{"name":"wp","href":"https:\/\/api.w.org\/{rel}","templated":true}]}}