{"id":174666,"date":"2022-09-26T14:14:52","date_gmt":"2022-09-26T18:14:52","guid":{"rendered":"https:\/\/mspontocom.com.br\/site\/?p=174666"},"modified":"2022-09-26T14:06:30","modified_gmt":"2022-09-26T18:06:30","slug":"vitoria-de-lula-seria-a-falencia-moral-do-pais-afirma-general","status":"publish","type":"post","link":"https:\/\/mspontocom.com.br\/site\/vitoria-de-lula-seria-a-falencia-moral-do-pais-afirma-general\/","title":{"rendered":"\u2018Vit\u00f3ria de Lula seria a fal\u00eancia moral do pa\u00eds&#8221;, afirma general"},"content":{"rendered":"<p class=\"capitular\" style=\"text-align: justify;\"><img loading=\"lazy\" class=\"alignnone size-medium wp-image-174672\" src=\"https:\/\/mspontocom.com.br\/site\/wp-content\/uploads\/2022\/09\/site-vitoria-de-lula-seria-a-faleencia-moral-do-pais-afirma-general-general-rocha-paiva-exercito-260x146.png\" alt=\"\" width=\"260\" height=\"146\" srcset=\"https:\/\/mspontocom.com.br\/site\/wp-content\/uploads\/2022\/09\/site-vitoria-de-lula-seria-a-faleencia-moral-do-pais-afirma-general-general-rocha-paiva-exercito-260x146.png 260w, https:\/\/mspontocom.com.br\/site\/wp-content\/uploads\/2022\/09\/site-vitoria-de-lula-seria-a-faleencia-moral-do-pais-afirma-general-general-rocha-paiva-exercito-768x432.png 768w, https:\/\/mspontocom.com.br\/site\/wp-content\/uploads\/2022\/09\/site-vitoria-de-lula-seria-a-faleencia-moral-do-pais-afirma-general-general-rocha-paiva-exercito.png 960w\" sizes=\"(max-width: 260px) 100vw, 260px\" \/><\/p>\n<p class=\"capitular\" style=\"text-align: justify;\">O <strong>general<\/strong> da reserva Luiz Eduardo Rocha Paiva (foto) concedeu entrevista \u00e0 revista Oeste<\/p>\n<p style=\"text-align: justify;\">Durante a trajet\u00f3ria acad\u00eamica, Rocha Paiva acumulou v\u00e1rios t\u00edtulos, entre eles, o de doutor em Aplica\u00e7\u00f5es, Planejamento e Estudos Militares pela Escola de Comando e Estado\u2013Maior do Ex\u00e9rcito e de mestre em Aplica\u00e7\u00f5es Militares pela Escola de Aperfei\u00e7oamento de Oficiais.<\/p>\n<p style=\"text-align: justify;\">Na reserva desde 2007, especializou-se em geopol\u00edtica e estrat\u00e9gia militar.<\/p>\n<p style=\"text-align: justify;\">Confira os principais trechos da entrevista.<\/p>\n<h4 style=\"text-align: justify;\"><b>Como o senhor v\u00ea uma poss\u00edvel vit\u00f3ria do ex-presidente Lula?<\/b><\/h4>\n<p style=\"text-align: justify;\"><strong>Vai ser a fal\u00eancia moral do pa\u00eds.<\/strong> N\u00e3o \u00e9 poss\u00edvel votar em uma pessoa que se envolveu em corrup\u00e7\u00e3o e que foi julgada e condenada em tr\u00eas inst\u00e2ncias. Mesmo tendo sido \u201cdescondenado\u201d, os crimes ocorreram, e as provas n\u00e3o v\u00e3o desaparecer. Durante um pronunciamento, o ent\u00e3o presidente do Supremo Tribunal Federal (STF), Luiz Fux, disse que a Lava Jato acabou por meras formalidades. Ele reconheceu, contudo, que os crimes cometidos por corruptos, al\u00e9m do dinheiro devolvido, existiram. Se Lula voltar ao Pal\u00e1cio do Planalto, ser\u00e1 uma tristeza e uma l\u00e1stima para o pa\u00eds.<\/p>\n<h4 style=\"text-align: justify;\"><b>Qual avalia\u00e7\u00e3o o senhor faz das manifesta\u00e7\u00f5es de 7 de Setembro? Qual foi o recado das ruas?<\/b><\/h4>\n<p style=\"text-align: justify;\">Uma demonstra\u00e7\u00e3o de patriotismo, de que o Hino Nacional e as cores da bandeira do Brasil s\u00e3o nossa identidade, e n\u00e3o a Internacional Socialista e o vermelho do PT. O recado que as ruas deram foi um protesto contra a velha lideran\u00e7a patrimonialista, fisiol\u00f3gica e corrupta do pa\u00eds. Essa elite ocupa grande parte dos Tr\u00eas Poderes e defende interesses que v\u00e3o na contra\u00e7\u00e3o do que deseja o pa\u00eds. Os brasileiros est\u00e3o cansados disso. E esse\u00a0<i>establishment<\/i>\u00a0\u00e9 combatido pelo atual governo, que tenta estabelecer uma nova forma de fazer pol\u00edtica. A na\u00e7\u00e3o quer um Brasil democrata, com todas as liberdades garantidas, e uma Justi\u00e7a que atenda aos interesses e aos anseios da popula\u00e7\u00e3o.<\/p>\n","protected":false},"excerpt":{"rendered":"<p>O general da reserva Luiz Eduardo Rocha Paiva (foto) concedeu entrevista \u00e0 revista Oeste Durante a trajet\u00f3ria acad\u00eamica, Rocha Paiva acumulou v\u00e1rios t\u00edtulos, entre eles, o de doutor em Aplica\u00e7\u00f5es, Planejamento e Estudos Militares pela Escola de Comando e Estado\u2013Maior do Ex\u00e9rcito e de mestre em Aplica\u00e7\u00f5es Militares pela Escola de Aperfei\u00e7oamento de Oficiais. Na [&hellip;]<\/p>\n","protected":false},"author":2,"featured_media":174672,"comment_status":"open","ping_status":"open","sticky":false,"template":"","format":"standard","meta":{"_monsterinsights_skip_tracking":false,"_monsterinsights_sitenote_active":false,"_monsterinsights_sitenote_note":"","_monsterinsights_sitenote_category":0},"categories":[6,30260,30259],"tags":[38505,2862,25982,21822,38504],"aioseo_notices":[],"_links":{"self":[{"href":"https:\/\/mspontocom.com.br\/site\/wp-json\/wp\/v2\/posts\/174666"}],"collection":[{"href":"https:\/\/mspontocom.com.br\/site\/wp-json\/wp\/v2\/posts"}],"about":[{"href":"https:\/\/mspontocom.com.br\/site\/wp-json\/wp\/v2\/types\/post"}],"author":[{"embeddable":true,"href":"https:\/\/mspontocom.com.br\/site\/wp-json\/wp\/v2\/users\/2"}],"replies":[{"embeddable":true,"href":"https:\/\/mspontocom.com.br\/site\/wp-json\/wp\/v2\/comments?post=174666"}],"version-history":[{"count":2,"href":"https:\/\/mspontocom.com.br\/site\/wp-json\/wp\/v2\/posts\/174666\/revisions"}],"predecessor-version":[{"id":174673,"href":"https:\/\/mspontocom.com.br\/site\/wp-json\/wp\/v2\/posts\/174666\/revisions\/174673"}],"wp:featuredmedia":[{"embeddable":true,"href":"https:\/\/mspontocom.com.br\/site\/wp-json\/wp\/v2\/media\/174672"}],"wp:attachment":[{"href":"https:\/\/mspontocom.com.br\/site\/wp-json\/wp\/v2\/media?parent=174666"}],"wp:term":[{"taxonomy":"category","embeddable":true,"href":"https:\/\/mspontocom.com.br\/site\/wp-json\/wp\/v2\/categories?post=174666"},{"taxonomy":"post_tag","embeddable":true,"href":"https:\/\/mspontocom.com.br\/site\/wp-json\/wp\/v2\/tags?post=174666"}],"curies":[{"name":"wp","href":"https:\/\/api.w.org\/{rel}","templated":true}]}}