{"id":174694,"date":"2022-09-27T05:23:33","date_gmt":"2022-09-27T09:23:33","guid":{"rendered":"https:\/\/mspontocom.com.br\/site\/?p=174694"},"modified":"2022-09-27T05:23:33","modified_gmt":"2022-09-27T09:23:33","slug":"new-york-times-questiona-se-o-stf-esta-indo-longe-demais-no-brasil","status":"publish","type":"post","link":"https:\/\/mspontocom.com.br\/site\/new-york-times-questiona-se-o-stf-esta-indo-longe-demais-no-brasil\/","title":{"rendered":"New York Times questiona se o STF est\u00e1 \u2018indo longe demais\u2019 no Brasil"},"content":{"rendered":"<p style=\"text-align: justify;\"><img loading=\"lazy\" class=\"alignnone size-medium wp-image-174702\" src=\"https:\/\/mspontocom.com.br\/site\/wp-content\/uploads\/2022\/09\/site-new-york-times-questiona-se-o-stf-esta-indo-longe-demais-no-brasil-nit-260x142.jpeg\" alt=\"\" width=\"260\" height=\"142\" srcset=\"https:\/\/mspontocom.com.br\/site\/wp-content\/uploads\/2022\/09\/site-new-york-times-questiona-se-o-stf-esta-indo-longe-demais-no-brasil-nit-260x142.jpeg 260w, https:\/\/mspontocom.com.br\/site\/wp-content\/uploads\/2022\/09\/site-new-york-times-questiona-se-o-stf-esta-indo-longe-demais-no-brasil-nit-768x418.jpeg 768w, https:\/\/mspontocom.com.br\/site\/wp-content\/uploads\/2022\/09\/site-new-york-times-questiona-se-o-stf-esta-indo-longe-demais-no-brasil-nit.jpeg 771w\" sizes=\"(max-width: 260px) 100vw, 260px\" \/><\/p>\n<p style=\"text-align: justify;\">Maior jornal dos Estados Unidos, o\u00a0<strong><em>New York Times<\/em><\/strong>\u00a0desta segunda-feira (26) questiona:<\/p>\n<p style=\"text-align: justify;\">\u201cPela defesa da democracia, a Corte m\u00e1xima do Brasil est\u00e1 indo longe demais?\u201d.<\/p>\n<p style=\"text-align: justify;\">A resposta \u00e9 uma longa mat\u00e9ria\u00a0 que na pr\u00e1tica \u00e9 uma lista de decis\u00f5es<strong> \u201calarmantes\u201d<\/strong> do ministro do Supremo Tribunal Federal <strong>Alexandre de Moraes,<\/strong> sua rela\u00e7\u00e3o com o presidente <strong>Jair Bolsonaro<\/strong> e poss\u00edveis impactos na elei\u00e7\u00e3o presidencial deste ano.<\/p>\n<p style=\"text-align: justify;\">O principal exemplo \u201calarmante\u201d do\u00a0<em>Times<\/em>\u00a0\u00e9 o caso dos empres\u00e1rios alvos de opera\u00e7\u00e3o da Pol\u00edcia Federal por mensagens no WhatsApp.<\/p>\n<p style=\"text-align: justify;\">\u201cFoi uma exibi\u00e7\u00e3o bruta de for\u00e7a judicial\u201d, calssifica o jornal.<\/p>\n<p style=\"text-align: justify;\">O <em>NYT<\/em> cita outros poss\u00edveis abusos do ministro, como a censura\u00a0 por posts na internet que xingavam Moraes e pediam a dissolu\u00e7\u00e3o do STF, al\u00e9m da seten\u00e7a de 9 anos de cadeia contra o deputado federal Daniel Silveira, ap\u00f3s \u201camea\u00e7as\u201d proferidas em v\u00eddeo publicado nas redes sociais.<\/p>\n<div class=\"materia-content\" style=\"text-align: justify;\">\n<p>A motiva\u00e7\u00e3o de Alexandre de Moraes \u00e9 a \u201cdefesa da democracia\u201d, diz o jornal, e atribui a \u201ctomada de poder\u201d do STF no Brasil.<\/p>\n<\/div>\n<div class=\"entry-tags\" style=\"text-align: justify;\"><\/div>\n","protected":false},"excerpt":{"rendered":"<p>Maior jornal dos Estados Unidos, o\u00a0New York Times\u00a0desta segunda-feira (26) questiona: \u201cPela defesa da democracia, a Corte m\u00e1xima do Brasil est\u00e1 indo longe demais?\u201d. A resposta \u00e9 uma longa mat\u00e9ria\u00a0 que na pr\u00e1tica \u00e9 uma lista de decis\u00f5es \u201calarmantes\u201d do ministro do Supremo Tribunal Federal Alexandre de Moraes, sua rela\u00e7\u00e3o com o presidente Jair Bolsonaro [&hellip;]<\/p>\n","protected":false},"author":2,"featured_media":174702,"comment_status":"open","ping_status":"open","sticky":false,"template":"","format":"standard","meta":{"_monsterinsights_skip_tracking":false,"_monsterinsights_sitenote_active":false,"_monsterinsights_sitenote_note":"","_monsterinsights_sitenote_category":0},"categories":[6,30260,30259],"tags":[26336,21017,3591,3014],"aioseo_notices":[],"_links":{"self":[{"href":"https:\/\/mspontocom.com.br\/site\/wp-json\/wp\/v2\/posts\/174694"}],"collection":[{"href":"https:\/\/mspontocom.com.br\/site\/wp-json\/wp\/v2\/posts"}],"about":[{"href":"https:\/\/mspontocom.com.br\/site\/wp-json\/wp\/v2\/types\/post"}],"author":[{"embeddable":true,"href":"https:\/\/mspontocom.com.br\/site\/wp-json\/wp\/v2\/users\/2"}],"replies":[{"embeddable":true,"href":"https:\/\/mspontocom.com.br\/site\/wp-json\/wp\/v2\/comments?post=174694"}],"version-history":[{"count":2,"href":"https:\/\/mspontocom.com.br\/site\/wp-json\/wp\/v2\/posts\/174694\/revisions"}],"predecessor-version":[{"id":174703,"href":"https:\/\/mspontocom.com.br\/site\/wp-json\/wp\/v2\/posts\/174694\/revisions\/174703"}],"wp:featuredmedia":[{"embeddable":true,"href":"https:\/\/mspontocom.com.br\/site\/wp-json\/wp\/v2\/media\/174702"}],"wp:attachment":[{"href":"https:\/\/mspontocom.com.br\/site\/wp-json\/wp\/v2\/media?parent=174694"}],"wp:term":[{"taxonomy":"category","embeddable":true,"href":"https:\/\/mspontocom.com.br\/site\/wp-json\/wp\/v2\/categories?post=174694"},{"taxonomy":"post_tag","embeddable":true,"href":"https:\/\/mspontocom.com.br\/site\/wp-json\/wp\/v2\/tags?post=174694"}],"curies":[{"name":"wp","href":"https:\/\/api.w.org\/{rel}","templated":true}]}}