{"id":174696,"date":"2022-09-27T14:33:05","date_gmt":"2022-09-27T18:33:05","guid":{"rendered":"https:\/\/mspontocom.com.br\/site\/?p=174696"},"modified":"2022-09-27T14:29:51","modified_gmt":"2022-09-27T18:29:51","slug":"entrarei-na-sala-do-capeta-diz-bolsonaro-sobre-debate-na-globo","status":"publish","type":"post","link":"https:\/\/mspontocom.com.br\/site\/entrarei-na-sala-do-capeta-diz-bolsonaro-sobre-debate-na-globo\/","title":{"rendered":"&#8220;Entrarei na sala do capeta&#8221;, diz Bolsonaro sobre debate na Globo"},"content":{"rendered":"<p style=\"text-align: justify;\"><img loading=\"lazy\" class=\"alignnone size-medium wp-image-174704\" src=\"https:\/\/mspontocom.com.br\/site\/wp-content\/uploads\/2022\/09\/site-entrarei-na-sala-do-capeta-diz-bolsonaro-sobre-debate-na-globo-globo-capeta-e1664270922528-260x198.jpg\" alt=\"\" width=\"260\" height=\"198\" srcset=\"https:\/\/mspontocom.com.br\/site\/wp-content\/uploads\/2022\/09\/site-entrarei-na-sala-do-capeta-diz-bolsonaro-sobre-debate-na-globo-globo-capeta-e1664270922528-260x198.jpg 260w, https:\/\/mspontocom.com.br\/site\/wp-content\/uploads\/2022\/09\/site-entrarei-na-sala-do-capeta-diz-bolsonaro-sobre-debate-na-globo-globo-capeta-e1664270922528-1024x778.jpg 1024w, https:\/\/mspontocom.com.br\/site\/wp-content\/uploads\/2022\/09\/site-entrarei-na-sala-do-capeta-diz-bolsonaro-sobre-debate-na-globo-globo-capeta-e1664270922528-768x584.jpg 768w, https:\/\/mspontocom.com.br\/site\/wp-content\/uploads\/2022\/09\/site-entrarei-na-sala-do-capeta-diz-bolsonaro-sobre-debate-na-globo-globo-capeta-e1664270922528.jpg 1363w\" sizes=\"(max-width: 260px) 100vw, 260px\" \/><\/p>\n<p style=\"text-align: justify;\">O presidente e candidato \u00e0 reelei\u00e7\u00e3o<strong> Jair Bolsonaro<\/strong> afirmou que vai <strong>\u201centrar na sala do capeta\u201d<\/strong> ao participar do debate da<strong> TV Globo<\/strong> na 5\u00aa feira (29.set).<\/p>\n<p style=\"text-align: justify;\">Para apoiadores, o chefe do Executivo disse que a emissora \u00e9 \u201cterreno amigo\u201d para o ex-presidente<strong> Lula<\/strong> (PT) e, por isso, o petista comparecer\u00e1.<\/p>\n<p style=\"text-align: justify;\">\u201cEle [Lula] vai na Globo agora porque l\u00e1 \u00e9 terra dele. O terreno dele \u00e9 a \u2018Globo\u2019. O debate \u00e9 5\u00aa feira. Ele vai porque l\u00e1 \u00e9 terreno amigo [\u2026] Vou l\u00e1, vou l\u00e1. Vou entrar na sala do capeta l\u00e1\u201d, disse na sa\u00edda do Pal\u00e1cio da Alvorada.<\/p>\n<p style=\"text-align: justify;\">Bolsonaro tamb\u00e9m afirmou que a temperatura das elei\u00e7\u00f5es costuma subir nos dias de v\u00e9spera da vota\u00e7\u00e3o nas urnas.<\/p>\n<p style=\"text-align: justify;\">Ele voltou a pedir para seus apoiadores que conven\u00e7am familiares e conhecidos a mudar de voto em prol da sua reelei\u00e7\u00e3o. \u201cPessoal, elei\u00e7\u00f5es: ela sobe o tom nessa reta final. \u00c9 6\u00aa [feira] e s\u00e1bado que s\u00e3o os \u2018dias D\u2019: D e D + 1\u201d, disse.<\/p>\n<p style=\"text-align: justify;\">\n","protected":false},"excerpt":{"rendered":"<p>O presidente e candidato \u00e0 reelei\u00e7\u00e3o Jair Bolsonaro afirmou que vai \u201centrar na sala do capeta\u201d ao participar do debate da TV Globo na 5\u00aa feira (29.set). Para apoiadores, o chefe do Executivo disse que a emissora \u00e9 \u201cterreno amigo\u201d para o ex-presidente Lula (PT) e, por isso, o petista comparecer\u00e1. \u201cEle [Lula] vai na [&hellip;]<\/p>\n","protected":false},"author":2,"featured_media":174704,"comment_status":"open","ping_status":"open","sticky":false,"template":"","format":"standard","meta":{"_monsterinsights_skip_tracking":false,"_monsterinsights_sitenote_active":false,"_monsterinsights_sitenote_note":"","_monsterinsights_sitenote_category":0},"categories":[6,30260,30259],"tags":[21017,38508,3309,501,480],"aioseo_notices":[],"_links":{"self":[{"href":"https:\/\/mspontocom.com.br\/site\/wp-json\/wp\/v2\/posts\/174696"}],"collection":[{"href":"https:\/\/mspontocom.com.br\/site\/wp-json\/wp\/v2\/posts"}],"about":[{"href":"https:\/\/mspontocom.com.br\/site\/wp-json\/wp\/v2\/types\/post"}],"author":[{"embeddable":true,"href":"https:\/\/mspontocom.com.br\/site\/wp-json\/wp\/v2\/users\/2"}],"replies":[{"embeddable":true,"href":"https:\/\/mspontocom.com.br\/site\/wp-json\/wp\/v2\/comments?post=174696"}],"version-history":[{"count":2,"href":"https:\/\/mspontocom.com.br\/site\/wp-json\/wp\/v2\/posts\/174696\/revisions"}],"predecessor-version":[{"id":174705,"href":"https:\/\/mspontocom.com.br\/site\/wp-json\/wp\/v2\/posts\/174696\/revisions\/174705"}],"wp:featuredmedia":[{"embeddable":true,"href":"https:\/\/mspontocom.com.br\/site\/wp-json\/wp\/v2\/media\/174704"}],"wp:attachment":[{"href":"https:\/\/mspontocom.com.br\/site\/wp-json\/wp\/v2\/media?parent=174696"}],"wp:term":[{"taxonomy":"category","embeddable":true,"href":"https:\/\/mspontocom.com.br\/site\/wp-json\/wp\/v2\/categories?post=174696"},{"taxonomy":"post_tag","embeddable":true,"href":"https:\/\/mspontocom.com.br\/site\/wp-json\/wp\/v2\/tags?post=174696"}],"curies":[{"name":"wp","href":"https:\/\/api.w.org\/{rel}","templated":true}]}}