{"id":174758,"date":"2022-09-29T05:50:52","date_gmt":"2022-09-29T09:50:52","guid":{"rendered":"https:\/\/mspontocom.com.br\/site\/?p=174758"},"modified":"2022-09-29T05:50:52","modified_gmt":"2022-09-29T09:50:52","slug":"bolsonaro-detona-moraes-e-diz-que-ministro-trabalha-para-lula","status":"publish","type":"post","link":"https:\/\/mspontocom.com.br\/site\/bolsonaro-detona-moraes-e-diz-que-ministro-trabalha-para-lula\/","title":{"rendered":"Bolsonaro &#8220;detona&#8221; Moraes e diz  que ministro trabalha para Lula"},"content":{"rendered":"<p style=\"text-align: justify;\"><img loading=\"lazy\" class=\"alignnone size-medium wp-image-174766\" src=\"https:\/\/mspontocom.com.br\/site\/wp-content\/uploads\/2022\/09\/site-bolsonaro-detona-moraes-e-diz-que-ministro-trabalha-para-lula-bolsonaro-vs-moraes-e1664444958962-260x147.jpg\" alt=\"\" width=\"260\" height=\"147\" srcset=\"https:\/\/mspontocom.com.br\/site\/wp-content\/uploads\/2022\/09\/site-bolsonaro-detona-moraes-e-diz-que-ministro-trabalha-para-lula-bolsonaro-vs-moraes-e1664444958962-260x147.jpg 260w, https:\/\/mspontocom.com.br\/site\/wp-content\/uploads\/2022\/09\/site-bolsonaro-detona-moraes-e-diz-que-ministro-trabalha-para-lula-bolsonaro-vs-moraes-e1664444958962-1024x579.jpg 1024w, https:\/\/mspontocom.com.br\/site\/wp-content\/uploads\/2022\/09\/site-bolsonaro-detona-moraes-e-diz-que-ministro-trabalha-para-lula-bolsonaro-vs-moraes-e1664444958962-768x434.jpg 768w, https:\/\/mspontocom.com.br\/site\/wp-content\/uploads\/2022\/09\/site-bolsonaro-detona-moraes-e-diz-que-ministro-trabalha-para-lula-bolsonaro-vs-moraes-e1664444958962.jpg 1062w\" sizes=\"(max-width: 260px) 100vw, 260px\" \/><\/p>\n<p style=\"text-align: justify;\">O presidente <strong>Jair Bolsonaro<\/strong> usou parte do tempo da transmiss\u00e3o ao vivo de nesta quarta-feira nas redes sociais para atacar o ministro <strong>Alexandre de Moraes<\/strong>, que preside o<strong>\u00a0Tribunal Superior Eleitoral\u00a0<\/strong>(TSE).<\/p>\n<p style=\"text-align: justify;\">\u201cTudo o que Alexandre de Moraes faz, e n\u00e3o \u00e9 de hoje, \u00e9 para me prejudicar e ajudar Lula\u201d, disse o presidente.<\/p>\n<p style=\"text-align: justify;\">Moraes voltou a ser alvo de Bolsonaro ap\u00f3s autorizar, nesta semana, a\u00a0<strong>Pol\u00edcia Federal\u00a0<\/strong>a quebrar o sigilo banc\u00e1rio e telef\u00f4nico do ajudante de ordem da Presid\u00eancia, Mauro Cesar Barbosa Cid.<\/p>\n<p style=\"text-align: justify;\">Moraes abriu inqu\u00e9rito para apurar de onde partiu o vazamento das informa\u00e7\u00f5es sobre a investiga\u00e7\u00e3o.<\/p>\n<p style=\"text-align: justify;\">Na live, no entanto, Bolsonaro atribuiu a Moraes o vazamento das informa\u00e7\u00f5es para a imprensa.<\/p>\n<p style=\"text-align: justify;\">\u201cAlexandre, quem vazou foi voc\u00ea!<strong> Seja homem, Alexandre\u201d<\/strong>, bradou o presidente. \u201c\u00c9 o tempo todo atazanando minha vida.\u201d<\/p>\n<p>&nbsp;<\/p>\n","protected":false},"excerpt":{"rendered":"<p>O presidente Jair Bolsonaro usou parte do tempo da transmiss\u00e3o ao vivo de nesta quarta-feira nas redes sociais para atacar o ministro Alexandre de Moraes, que preside o\u00a0Tribunal Superior Eleitoral\u00a0(TSE). \u201cTudo o que Alexandre de Moraes faz, e n\u00e3o \u00e9 de hoje, \u00e9 para me prejudicar e ajudar Lula\u201d, disse o presidente. Moraes voltou a [&hellip;]<\/p>\n","protected":false},"author":2,"featured_media":174766,"comment_status":"open","ping_status":"open","sticky":false,"template":"","format":"standard","meta":{"_monsterinsights_skip_tracking":false,"_monsterinsights_sitenote_active":false,"_monsterinsights_sitenote_note":"","_monsterinsights_sitenote_category":0},"categories":[6,30260,30259],"tags":[26336,21017,480,38521,38520],"aioseo_notices":[],"_links":{"self":[{"href":"https:\/\/mspontocom.com.br\/site\/wp-json\/wp\/v2\/posts\/174758"}],"collection":[{"href":"https:\/\/mspontocom.com.br\/site\/wp-json\/wp\/v2\/posts"}],"about":[{"href":"https:\/\/mspontocom.com.br\/site\/wp-json\/wp\/v2\/types\/post"}],"author":[{"embeddable":true,"href":"https:\/\/mspontocom.com.br\/site\/wp-json\/wp\/v2\/users\/2"}],"replies":[{"embeddable":true,"href":"https:\/\/mspontocom.com.br\/site\/wp-json\/wp\/v2\/comments?post=174758"}],"version-history":[{"count":2,"href":"https:\/\/mspontocom.com.br\/site\/wp-json\/wp\/v2\/posts\/174758\/revisions"}],"predecessor-version":[{"id":174767,"href":"https:\/\/mspontocom.com.br\/site\/wp-json\/wp\/v2\/posts\/174758\/revisions\/174767"}],"wp:featuredmedia":[{"embeddable":true,"href":"https:\/\/mspontocom.com.br\/site\/wp-json\/wp\/v2\/media\/174766"}],"wp:attachment":[{"href":"https:\/\/mspontocom.com.br\/site\/wp-json\/wp\/v2\/media?parent=174758"}],"wp:term":[{"taxonomy":"category","embeddable":true,"href":"https:\/\/mspontocom.com.br\/site\/wp-json\/wp\/v2\/categories?post=174758"},{"taxonomy":"post_tag","embeddable":true,"href":"https:\/\/mspontocom.com.br\/site\/wp-json\/wp\/v2\/tags?post=174758"}],"curies":[{"name":"wp","href":"https:\/\/api.w.org\/{rel}","templated":true}]}}