{"id":174760,"date":"2022-09-29T14:17:34","date_gmt":"2022-09-29T18:17:34","guid":{"rendered":"https:\/\/mspontocom.com.br\/site\/?p=174760"},"modified":"2022-09-29T13:59:13","modified_gmt":"2022-09-29T17:59:13","slug":"militares-garantirao-eleitores-de-verde-e-amarelo-diz-bolsonaro","status":"publish","type":"post","link":"https:\/\/mspontocom.com.br\/site\/militares-garantirao-eleitores-de-verde-e-amarelo-diz-bolsonaro\/","title":{"rendered":"Militares \u201cgarantir\u00e3o\u201d eleitores de verde e amarelo, diz Bolsonaro"},"content":{"rendered":"<p style=\"text-align: justify;\"><img loading=\"lazy\" class=\"alignnone size-medium wp-image-174768\" src=\"https:\/\/mspontocom.com.br\/site\/wp-content\/uploads\/2022\/09\/site-militares-garantirao-eleitores-de-verde-e-amarelo-diz-bolsonaro-verde2-260x146.jpg\" alt=\"\" width=\"260\" height=\"146\" srcset=\"https:\/\/mspontocom.com.br\/site\/wp-content\/uploads\/2022\/09\/site-militares-garantirao-eleitores-de-verde-e-amarelo-diz-bolsonaro-verde2-260x146.jpg 260w, https:\/\/mspontocom.com.br\/site\/wp-content\/uploads\/2022\/09\/site-militares-garantirao-eleitores-de-verde-e-amarelo-diz-bolsonaro-verde2-768x432.jpg 768w, https:\/\/mspontocom.com.br\/site\/wp-content\/uploads\/2022\/09\/site-militares-garantirao-eleitores-de-verde-e-amarelo-diz-bolsonaro-verde2.jpg 900w\" sizes=\"(max-width: 260px) 100vw, 260px\" \/><\/p>\n<p style=\"text-align: justify;\">O presidente e candidato \u00e0 reelei\u00e7\u00e3o, <strong>Jair Bolsonaro<\/strong> disse que determinar\u00e1 que as <strong>For\u00e7as Armadas<\/strong> garantam o voto dos eleitores vestidos de verde e amarelo.<\/p>\n<p style=\"text-align: justify;\">O chefe do Executivo citou uma publica\u00e7\u00e3o que atribu\u00eda ao Tribunal Superior Eleitoral suposta proibi\u00e7\u00e3o de eleitores que forem votar com a <strong>camisa da sele\u00e7\u00e3o. <\/strong><\/p>\n<p style=\"text-align: justify;\">Bolsonaro, ent\u00e3o, se irritou: \u201cN\u00e3o vai ter elei\u00e7\u00e3o em se\u00e7\u00e3o que proibir verde e amarelo\u201d, disse.<\/p>\n<p style=\"text-align: justify;\">Em sua transmiss\u00e3o nesta 4\u00aa feira, Bolsonaro teve como alvo o presidente do Tribunal Superior Eleitoral, <strong>Alexandre de Moraes.<\/strong><\/p>\n<p style=\"text-align: justify;\">\u201cComo \u00e9 que \u00e9, Alexandre de Moraes? Proibir usar camisa da sele\u00e7\u00e3o? \u00c9 interfer\u00eancia demais. T\u00e1 com medo do qu\u00ea? Do mar de verde e amarelo? Preocupado com o mar de verde amarelo votar e aparecer nome do Lula ganhando? \u00c9 isso, TSE? \u00c9 isso?\u201d, disse o presidente.<\/p>\n","protected":false},"excerpt":{"rendered":"<p>O presidente e candidato \u00e0 reelei\u00e7\u00e3o, Jair Bolsonaro disse que determinar\u00e1 que as For\u00e7as Armadas garantam o voto dos eleitores vestidos de verde e amarelo. O chefe do Executivo citou uma publica\u00e7\u00e3o que atribu\u00eda ao Tribunal Superior Eleitoral suposta proibi\u00e7\u00e3o de eleitores que forem votar com a camisa da sele\u00e7\u00e3o. Bolsonaro, ent\u00e3o, se irritou: \u201cN\u00e3o [&hellip;]<\/p>\n","protected":false},"author":2,"featured_media":174768,"comment_status":"open","ping_status":"open","sticky":false,"template":"","format":"standard","meta":{"_monsterinsights_skip_tracking":false,"_monsterinsights_sitenote_active":false,"_monsterinsights_sitenote_note":"","_monsterinsights_sitenote_category":0},"categories":[6,30260,30259,12],"tags":[21017,24353,25419,38522],"aioseo_notices":[],"_links":{"self":[{"href":"https:\/\/mspontocom.com.br\/site\/wp-json\/wp\/v2\/posts\/174760"}],"collection":[{"href":"https:\/\/mspontocom.com.br\/site\/wp-json\/wp\/v2\/posts"}],"about":[{"href":"https:\/\/mspontocom.com.br\/site\/wp-json\/wp\/v2\/types\/post"}],"author":[{"embeddable":true,"href":"https:\/\/mspontocom.com.br\/site\/wp-json\/wp\/v2\/users\/2"}],"replies":[{"embeddable":true,"href":"https:\/\/mspontocom.com.br\/site\/wp-json\/wp\/v2\/comments?post=174760"}],"version-history":[{"count":2,"href":"https:\/\/mspontocom.com.br\/site\/wp-json\/wp\/v2\/posts\/174760\/revisions"}],"predecessor-version":[{"id":174769,"href":"https:\/\/mspontocom.com.br\/site\/wp-json\/wp\/v2\/posts\/174760\/revisions\/174769"}],"wp:featuredmedia":[{"embeddable":true,"href":"https:\/\/mspontocom.com.br\/site\/wp-json\/wp\/v2\/media\/174768"}],"wp:attachment":[{"href":"https:\/\/mspontocom.com.br\/site\/wp-json\/wp\/v2\/media?parent=174760"}],"wp:term":[{"taxonomy":"category","embeddable":true,"href":"https:\/\/mspontocom.com.br\/site\/wp-json\/wp\/v2\/categories?post=174760"},{"taxonomy":"post_tag","embeddable":true,"href":"https:\/\/mspontocom.com.br\/site\/wp-json\/wp\/v2\/tags?post=174760"}],"curies":[{"name":"wp","href":"https:\/\/api.w.org\/{rel}","templated":true}]}}