{"id":174762,"date":"2022-09-29T14:10:47","date_gmt":"2022-09-29T18:10:47","guid":{"rendered":"https:\/\/mspontocom.com.br\/site\/?p=174762"},"modified":"2022-09-29T13:57:25","modified_gmt":"2022-09-29T17:57:25","slug":"guedes-diz-que-adversarios-subiram-em-cadaveres-para-fazer-politica-na-pandemia","status":"publish","type":"post","link":"https:\/\/mspontocom.com.br\/site\/guedes-diz-que-adversarios-subiram-em-cadaveres-para-fazer-politica-na-pandemia\/","title":{"rendered":"Guedes diz que advers\u00e1rios \u2018subiram em cad\u00e1veres\u2019 para fazer pol\u00edtica na pandemia"},"content":{"rendered":"<p style=\"text-align: justify;\"><img loading=\"lazy\" class=\"alignnone size-medium wp-image-174770\" src=\"https:\/\/mspontocom.com.br\/site\/wp-content\/uploads\/2022\/09\/site-paulo-guedes-diz-que-adversarios-subiram-em-cadaveres-para-fazer-politica-na-pandemia-circo1-260x173.jpg\" alt=\"\" width=\"260\" height=\"173\" srcset=\"https:\/\/mspontocom.com.br\/site\/wp-content\/uploads\/2022\/09\/site-paulo-guedes-diz-que-adversarios-subiram-em-cadaveres-para-fazer-politica-na-pandemia-circo1-260x173.jpg 260w, https:\/\/mspontocom.com.br\/site\/wp-content\/uploads\/2022\/09\/site-paulo-guedes-diz-que-adversarios-subiram-em-cadaveres-para-fazer-politica-na-pandemia-circo1.jpg 678w\" sizes=\"(max-width: 260px) 100vw, 260px\" \/><\/p>\n<p style=\"text-align: justify;\">O ministro da Economia, <strong>Paulo Guedes,<\/strong> disse\u00a0 que pessoas \u201csubiram em cad\u00e1veres\u201d para fazer pol\u00edtica durante a pandemia.<\/p>\n<p style=\"text-align: justify;\">Para ele, faltou humanidade aos pol\u00edticos de oposi\u00e7\u00e3o ao governo Bolsonaro<strong>.<\/strong><\/p>\n<p style=\"text-align: justify;\">\u201cInfelizmente, se abateu sobre n\u00f3s uma trag\u00e9dia humanit\u00e1ria de propor\u00e7\u00f5es nunca vistas, chegou a<a href=\"https:\/\/jovempan.com.br\/tag\/covid-19\"><strong>\u00a0Covid-19<\/strong><\/a>. E o que mais me impressionou durante a pandemia foi como\u00a0<strong>as pessoas subiram em cad\u00e1veres para fazer pol\u00edtica<\/strong>. Em vez de ajudar o Brasil, houve gente sabotando, atacando por tr\u00e1s, difamando, em vez de nos ajudar a fazer a coisa certa&#8221;. desabafou Guedes.<\/p>\n<p><em>*Com informa\u00e7\u00f5es do rep\u00f3rter Victor Hugo Salina, Jovem Pan<\/em><\/p>\n","protected":false},"excerpt":{"rendered":"<p>O ministro da Economia, Paulo Guedes, disse\u00a0 que pessoas \u201csubiram em cad\u00e1veres\u201d para fazer pol\u00edtica durante a pandemia. Para ele, faltou humanidade aos pol\u00edticos de oposi\u00e7\u00e3o ao governo Bolsonaro. \u201cInfelizmente, se abateu sobre n\u00f3s uma trag\u00e9dia humanit\u00e1ria de propor\u00e7\u00f5es nunca vistas, chegou a\u00a0Covid-19. E o que mais me impressionou durante a pandemia foi como\u00a0as pessoas [&hellip;]<\/p>\n","protected":false},"author":2,"featured_media":174770,"comment_status":"open","ping_status":"open","sticky":false,"template":"","format":"standard","meta":{"_monsterinsights_skip_tracking":false,"_monsterinsights_sitenote_active":false,"_monsterinsights_sitenote_note":"","_monsterinsights_sitenote_category":0},"categories":[6,30260,30259],"tags":[35059,33122,35133,30807,154,38523],"aioseo_notices":[],"_links":{"self":[{"href":"https:\/\/mspontocom.com.br\/site\/wp-json\/wp\/v2\/posts\/174762"}],"collection":[{"href":"https:\/\/mspontocom.com.br\/site\/wp-json\/wp\/v2\/posts"}],"about":[{"href":"https:\/\/mspontocom.com.br\/site\/wp-json\/wp\/v2\/types\/post"}],"author":[{"embeddable":true,"href":"https:\/\/mspontocom.com.br\/site\/wp-json\/wp\/v2\/users\/2"}],"replies":[{"embeddable":true,"href":"https:\/\/mspontocom.com.br\/site\/wp-json\/wp\/v2\/comments?post=174762"}],"version-history":[{"count":3,"href":"https:\/\/mspontocom.com.br\/site\/wp-json\/wp\/v2\/posts\/174762\/revisions"}],"predecessor-version":[{"id":174787,"href":"https:\/\/mspontocom.com.br\/site\/wp-json\/wp\/v2\/posts\/174762\/revisions\/174787"}],"wp:featuredmedia":[{"embeddable":true,"href":"https:\/\/mspontocom.com.br\/site\/wp-json\/wp\/v2\/media\/174770"}],"wp:attachment":[{"href":"https:\/\/mspontocom.com.br\/site\/wp-json\/wp\/v2\/media?parent=174762"}],"wp:term":[{"taxonomy":"category","embeddable":true,"href":"https:\/\/mspontocom.com.br\/site\/wp-json\/wp\/v2\/categories?post=174762"},{"taxonomy":"post_tag","embeddable":true,"href":"https:\/\/mspontocom.com.br\/site\/wp-json\/wp\/v2\/tags?post=174762"}],"curies":[{"name":"wp","href":"https:\/\/api.w.org\/{rel}","templated":true}]}}